{"id":110700,"date":"2025-09-01T16:21:28","date_gmt":"2025-09-01T14:21:28","guid":{"rendered":"https:\/\/tadaaz.fr\/blog\/?p=110700"},"modified":"2025-09-01T16:21:32","modified_gmt":"2025-09-01T14:21:32","slug":"a-quel-age-donner-un-doudou-a-bebe","status":"publish","type":"post","link":"https:\/\/tadaaz.fr\/blog\/fr\/naissance\/a-quel-age-donner-un-doudou-a-bebe\/","title":{"rendered":"\u00c0 quel \u00e2ge donner un doudou \u00e0 b\u00e9b\u00e9\u200b ? Nos conseils\u202f!"},"content":{"rendered":"\n<p>Le <a href=\"\/fr\/cadeau-personnalise\/broderie\/doudou-attache-tetine\">doudou <\/a>est l\u2019objet r\u00e9confortant que l\u2019on donne tous \u00e0 nos b\u00e9b\u00e9s, mais il est important de ne pas l&rsquo;offrir n\u2019importe quand. D\u00e9couvrez dans cet article :\u00a0<\/p>\n\n\n\n<ul class=\"wp-block-list\">\n<li>L\u2019\u00e2ge id\u00e9al pour introduire un premier doudou<\/li>\n\n\n\n<li>Les raisons pour lesquelles le doudou est un vrai plus pour b\u00e9b\u00e9<\/li>\n\n\n\n<li>Nos conseils pour bien choisir le futur doudou de votre b\u00e9b\u00e9<\/li>\n<\/ul>\n\n\n\n<figure class=\"wp-block-image size-full\"><a href=\"https:\/\/tadaaz.fr\/blog\/wp-content\/uploads\/2025\/09\/quand-donner-un-doudou-a-bebe.png\"><img loading=\"lazy\" decoding=\"async\" width=\"1024\" height=\"768\" src=\"https:\/\/tadaaz.fr\/blog\/wp-content\/uploads\/2025\/09\/quand-donner-un-doudou-a-bebe.png\" alt=\"quand donner un doudou \u00e0 b\u00e9b\u00e9\u200b\" class=\"wp-image-110702\" srcset=\"https:\/\/tadaaz.fr\/blog\/wp-content\/uploads\/2025\/09\/quand-donner-un-doudou-a-bebe.png 1024w, https:\/\/tadaaz.fr\/blog\/wp-content\/uploads\/2025\/09\/quand-donner-un-doudou-a-bebe-300x225.png 300w, https:\/\/tadaaz.fr\/blog\/wp-content\/uploads\/2025\/09\/quand-donner-un-doudou-a-bebe-768x576.png 768w, https:\/\/tadaaz.fr\/blog\/wp-content\/uploads\/2025\/09\/quand-donner-un-doudou-a-bebe-100x75.png 100w\" sizes=\"auto, (max-width: 1024px) 100vw, 1024px\" \/><\/a><\/figure>\n\n\n\n<p>Quand on pense au doudou, on pense \u00e0 cette petite peluche ou ce bout de tissu que l\u2019on poss\u00e8de depuis aussi longtemps qu\u2019on s\u2019en souvienne. C\u2019est ce petit objet qui r\u00e9conforte les petits d\u00e8s la naissance, et parfois les plus grands tout au long de l\u2019enfance. Et, pourtant, <strong>il n\u2019est pas recommand\u00e9 de donner un doudou \u00e0 la naissance<\/strong>. Alors, si vous souhaitez savoir quand offrir ce nouveau compagnon de route \u00e0 votre b\u00e9b\u00e9, nous vous \u00e9clairons.<\/p>\n\n\n\n<h2 class=\"wp-block-heading\">L\u2019\u00e2ge recommand\u00e9 pour donner le premier doudou \u00e0 b\u00e9b\u00e9<\/h2>\n\n\n\n<p>Tous les futurs parents ach\u00e8tent des doudous de naissance pour leur petit \u00e0 venir. Bien qu\u2019il soit possible de laisser ses peluches au fond du lit de b\u00e9b\u00e9, vous ne pouvez pas laisser le doudou au nouveau-n\u00e9. Il ne bouge pas sa t\u00eate, ne peut pas se retourner, et le laisser avec son doudou provoquerait des risques d\u2019\u00e9touffement. Il est aussi <strong>peu s\u00e9curitaire de laisser le doudou accroch\u00e9 \u00e0 la t\u00e9tine<\/strong>, et cela, m\u00eame avec le cododo.<\/p>\n\n\n\n<p>Il faut bien comprendre que si un b\u00e9b\u00e9 de deux mois dort avec un doudou sur le visage, le danger est r\u00e9el. Il est donc recommand\u00e9 de proposer un doudou \u00e0 son b\u00e9b\u00e9 autour de 4 \u00e0 6 mois. Prenez en compte sa mani\u00e8re de se retourner et de tenir sa t\u00eate pour comprendre s\u2019il est capable de le tenir lui-m\u00eame ou de le retirer de son visage.<\/p>\n\n\n\n<p>Il est en revanche possible de<strong> familiariser votre b\u00e9b\u00e9 avec son doudou avant ses 4 mois<\/strong>, en lui caressant le visage avec, en lui expliquant ce que c\u2019est. Introduisez le doudou au b\u00e9b\u00e9 dans des moments calmes et apais\u00e9s et ne le laissez pas seul avec.<\/p>\n\n\n<div class=\"tdz-productgrid\" data-id=\"694\" style=\"--tdz-grid-cols: 3;\"><div class=\"tdz-productgrid-block wp-block-column product-card\" data-sku=\"TA14848-2600001-09\"><a href=\"https:\/\/tadaaz.fr\/fr\/p\/TA14848-2600001-09\/doudou-attache-tetine-ecru-et-son-prenom-brode-jollein\"><picture data-alt=\"Doudou attache-t\u00e9tine \u00e9cru et son pr\u00e9nom brod\u00e9 - Jollein\"><source media=\"(min-width: 960px)\" srcset=\"https:\/\/static.tadaaz.be\/api\/2\/img\/tadprod\/TA14848-2600001-09\/TA14848-2600001-09-1.jpg\/fit?size=404x404&#038;auth=MjIwNzUzNzIxMg__\"><source media=\"(min-width: 600px) and (max-width: 959px)\" srcset=\"https:\/\/static.tadaaz.be\/api\/2\/img\/tadprod\/TA14848-2600001-09\/TA14848-2600001-09-1.jpg\/fit?size=298x298&#038;auth=MjIwNzUzNzIxMg__\"><source media=\"(min-width: 0) and (max-width: 599px)\" srcset=\"https:\/\/static.tadaaz.be\/api\/2\/img\/tadprod\/TA14848-2600001-09\/TA14848-2600001-09-1.jpg\/fit?size=291x291&#038;auth=MjIwNzUzNzIxMg__\"><img decoding=\"async\" src=\"https:\/\/static.tadaaz.be\/api\/2\/img\/tadprod\/TA14848-2600001-09\/TA14848-2600001-09-1.jpg\/fit?size=291x291&#038;auth=MjIwNzUzNzIxMg__\" alt=\"Doudou attache-t\u00e9tine \u00e9cru et son pr\u00e9nom brod\u00e9 - Jollein\" width=\"291\" height=\"291\" loading=\"lazy\" style=\"max-width:100%; height:auto;\"><\/picture><div class=\"product-info\"><p>Doudou attache-t\u00e9tine \u00e9cru et son pr\u00e9nom brod\u00e9 - Jollein<\/p><\/div><\/a><\/div>\n<div class=\"tdz-productgrid-block wp-block-column product-card\" data-sku=\"TA14848-2500001-09\"><a href=\"https:\/\/tadaaz.fr\/fr\/p\/TA14848-2500001-09\/doudou-attache-tetine-prenom-brode-colore-jollein\"><picture data-alt=\"Doudou attache-t\u00e9tine pr\u00e9nom brod\u00e9 color\u00e9 - Jollein\"><source media=\"(min-width: 960px)\" srcset=\"https:\/\/static.tadaaz.be\/api\/2\/img\/tadprod\/TA14848-2500001-09\/doudou-attache-tetine-prenom-brode-colore-jollein-TA14848-2500001-09-1.jpg\/fit?size=404x404&#038;auth=MjIwNzUzNzIxMg__\"><source media=\"(min-width: 600px) and (max-width: 959px)\" srcset=\"https:\/\/static.tadaaz.be\/api\/2\/img\/tadprod\/TA14848-2500001-09\/doudou-attache-tetine-prenom-brode-colore-jollein-TA14848-2500001-09-1.jpg\/fit?size=298x298&#038;auth=MjIwNzUzNzIxMg__\"><source media=\"(min-width: 0) and (max-width: 599px)\" srcset=\"https:\/\/static.tadaaz.be\/api\/2\/img\/tadprod\/TA14848-2500001-09\/doudou-attache-tetine-prenom-brode-colore-jollein-TA14848-2500001-09-1.jpg\/fit?size=291x291&#038;auth=MjIwNzUzNzIxMg__\"><img decoding=\"async\" src=\"https:\/\/static.tadaaz.be\/api\/2\/img\/tadprod\/TA14848-2500001-09\/doudou-attache-tetine-prenom-brode-colore-jollein-TA14848-2500001-09-1.jpg\/fit?size=291x291&#038;auth=MjIwNzUzNzIxMg__\" alt=\"Doudou attache-t\u00e9tine pr\u00e9nom brod\u00e9 color\u00e9 - Jollein\" width=\"291\" height=\"291\" loading=\"lazy\" style=\"max-width:100%; height:auto;\"><\/picture><div class=\"product-info\"><p>Doudou attache-t\u00e9tine pr\u00e9nom brod\u00e9 color\u00e9 - Jollein<\/p><\/div><\/a><\/div>\n<div class=\"tdz-productgrid-block wp-block-column product-card\" data-sku=\"TA14848-2500002-09\"><a href=\"https:\/\/tadaaz.fr\/fr\/p\/TA14848-2500002-09\/doudou-attache-tetine-prenom-brode-italique-jollein\"><picture data-alt=\"Doudou attache-t\u00e9tine pr\u00e9nom brod\u00e9 italique - Jollein\"><source media=\"(min-width: 960px)\" srcset=\"https:\/\/static.tadaaz.be\/api\/2\/img\/tadprod\/TA14848-2500002-09\/doudou-attache-tetine-prenom-brode-italique-jollein-TA14848-2500002-09-1.jpg\/fit?size=404x404&#038;auth=MjIwNzUzNzIxMg__\"><source media=\"(min-width: 600px) and (max-width: 959px)\" srcset=\"https:\/\/static.tadaaz.be\/api\/2\/img\/tadprod\/TA14848-2500002-09\/doudou-attache-tetine-prenom-brode-italique-jollein-TA14848-2500002-09-1.jpg\/fit?size=298x298&#038;auth=MjIwNzUzNzIxMg__\"><source media=\"(min-width: 0) and (max-width: 599px)\" srcset=\"https:\/\/static.tadaaz.be\/api\/2\/img\/tadprod\/TA14848-2500002-09\/doudou-attache-tetine-prenom-brode-italique-jollein-TA14848-2500002-09-1.jpg\/fit?size=291x291&#038;auth=MjIwNzUzNzIxMg__\"><img decoding=\"async\" src=\"https:\/\/static.tadaaz.be\/api\/2\/img\/tadprod\/TA14848-2500002-09\/doudou-attache-tetine-prenom-brode-italique-jollein-TA14848-2500002-09-1.jpg\/fit?size=291x291&#038;auth=MjIwNzUzNzIxMg__\" alt=\"Doudou attache-t\u00e9tine pr\u00e9nom brod\u00e9 italique - Jollein\" width=\"291\" height=\"291\" loading=\"lazy\" style=\"max-width:100%; height:auto;\"><\/picture><div class=\"product-info\"><p>Doudou attache-t\u00e9tine pr\u00e9nom brod\u00e9 italique - Jollein<\/p><\/div><\/a><\/div>\n<\/div>\n\n\n\n\n  <!-- wp:buttons -->\n  <div class=\"wp-block-buttons\">\n    <!-- wp:button {\"backgroundColor\":\"palette-color-1\",\"className\":\"is-style-fill\"} -->\n    <div class=\"wp-block-button is-style-fill\"><a class=\"wp-block-button__link has-background\" href=\"https:\/\/tadaaz.fr\/fr\/cadeau-personnalise\/broderie\/doudou-attache-tetine\">Tous les doudous \u00e0 personnaliser <\/a><\/div>\n    <!-- \/wp:button -->\n  <\/div>\n  <!-- \/wp:buttons -->\n\n\n\n<h2 class=\"wp-block-heading\">Pourquoi donner un doudou \u00e0 son b\u00e9b\u00e9 ?<\/h2>\n\n\n\n<p>Il y a de vrais avantages \u00e0 accorder un <a href=\"\/fr\/cadeau-personnalise\/broderie\/doudou-attache-tetine\">doudou <\/a>\u00e0 son b\u00e9b\u00e9. Il ne s\u2019agit pas d\u2019une peluche ou d\u2019un jouet quelconque, il a un r\u00e9el r\u00f4le \u00e0 tenir aupr\u00e8s de l\u2019enfant.<\/p>\n\n\n\n<h3 class=\"wp-block-heading\">Le r\u00e9confort lors de la s\u00e9paration<\/h3>\n\n\n\n<p>Le r\u00e9confort lors de la s\u00e9paration est LA raison principale pour laquelle il est conseill\u00e9 d\u2019introduire un doudou autour de 4\/6 mois \u00e0 votre b\u00e9b\u00e9. Quand b\u00e9b\u00e9 est en plein d\u00e9veloppement, et qu\u2019il va commencer \u00e0 aller chez sa nounou ou en cr\u00e8che, il va devoir se s\u00e9parer de ses parents, ce qu\u2019il n\u2019a jamais fait auparavant. C\u2019est un \u00e9norme chamboulement pour b\u00e9b\u00e9, et pour <strong>minimiser la s\u00e9paration<\/strong>, le doudou est l\u2019aide id\u00e9ale.<\/p>\n\n\n\n<p>Il fait ici office d\u2019objet transitionnel entre les parents et le b\u00e9b\u00e9, ce qui lui permet de sentir leur pr\u00e9sence m\u00eame s\u2019ils sont absents. La s\u00e9paration se simplifie gr\u00e2ce \u00e0 cette petite peluche que vous lui donnez.<\/p>\n\n\n<div class=\"tdz-productgrid\" data-id=\"689\" style=\"--tdz-grid-cols: 3;\"><div class=\"tdz-productgrid-block wp-block-column product-card\" data-sku=\"TA14847-2500001-09\"><a href=\"https:\/\/tadaaz.fr\/fr\/p\/TA14847-2500001-09\/cape-de-bain-prenom-brode-nougat-jollein\"><picture data-alt=\"Cape de bain pr\u00e9nom brod\u00e9 nougat - Jollein\"><source media=\"(min-width: 960px)\" srcset=\"https:\/\/static.tadaaz.be\/api\/2\/img\/tadprod\/TA14847-2500001-09\/cape-de-bain-prenom-brode-nougat-jollein-TA14847-2500001-09-1.jpg\/fit?size=404x404&#038;auth=MjIwNzUzNzIxMg__\"><source media=\"(min-width: 600px) and (max-width: 959px)\" srcset=\"https:\/\/static.tadaaz.be\/api\/2\/img\/tadprod\/TA14847-2500001-09\/cape-de-bain-prenom-brode-nougat-jollein-TA14847-2500001-09-1.jpg\/fit?size=298x298&#038;auth=MjIwNzUzNzIxMg__\"><source media=\"(min-width: 0) and (max-width: 599px)\" srcset=\"https:\/\/static.tadaaz.be\/api\/2\/img\/tadprod\/TA14847-2500001-09\/cape-de-bain-prenom-brode-nougat-jollein-TA14847-2500001-09-1.jpg\/fit?size=291x291&#038;auth=MjIwNzUzNzIxMg__\"><img decoding=\"async\" src=\"https:\/\/static.tadaaz.be\/api\/2\/img\/tadprod\/TA14847-2500001-09\/cape-de-bain-prenom-brode-nougat-jollein-TA14847-2500001-09-1.jpg\/fit?size=291x291&#038;auth=MjIwNzUzNzIxMg__\" alt=\"Cape de bain pr\u00e9nom brod\u00e9 nougat - Jollein\" width=\"291\" height=\"291\" loading=\"lazy\" style=\"max-width:100%; height:auto;\"><\/picture><div class=\"product-info\"><p>Cape de bain pr\u00e9nom brod\u00e9 nougat - Jollein<\/p><\/div><\/a><\/div>\n<div class=\"tdz-productgrid-block wp-block-column product-card\" data-sku=\"TA14860-2500001-09\"><a href=\"https:\/\/tadaaz.fr\/fr\/p\/TA14860-2500001-09\/peignoir-pour-enfant-beige-prenom-et-coeur-brodes\"><picture data-alt=\"Peignoir pour enfant beige pr\u00e9nom et coeur brod\u00e9s\"><source media=\"(min-width: 960px)\" srcset=\"https:\/\/static.tadaaz.be\/api\/2\/img\/tadprod\/TA14860-2500001-09\/TA14860-2500001-09-1.jpg\/fit?size=404x404&#038;auth=MjIwNzUzNzIxMg__\"><source media=\"(min-width: 600px) and (max-width: 959px)\" srcset=\"https:\/\/static.tadaaz.be\/api\/2\/img\/tadprod\/TA14860-2500001-09\/TA14860-2500001-09-1.jpg\/fit?size=298x298&#038;auth=MjIwNzUzNzIxMg__\"><source media=\"(min-width: 0) and (max-width: 599px)\" srcset=\"https:\/\/static.tadaaz.be\/api\/2\/img\/tadprod\/TA14860-2500001-09\/TA14860-2500001-09-1.jpg\/fit?size=291x291&#038;auth=MjIwNzUzNzIxMg__\"><img decoding=\"async\" src=\"https:\/\/static.tadaaz.be\/api\/2\/img\/tadprod\/TA14860-2500001-09\/TA14860-2500001-09-1.jpg\/fit?size=291x291&#038;auth=MjIwNzUzNzIxMg__\" alt=\"Peignoir pour enfant beige pr\u00e9nom et coeur brod\u00e9s\" width=\"291\" height=\"291\" loading=\"lazy\" style=\"max-width:100%; height:auto;\"><\/picture><div class=\"product-info\"><p>Peignoir pour enfant beige pr\u00e9nom et coeur brod\u00e9s<\/p><\/div><\/a><\/div>\n<div class=\"tdz-productgrid-block wp-block-column product-card\" data-sku=\"TA14848-2600001-09\"><a href=\"https:\/\/tadaaz.fr\/fr\/p\/TA14848-2600001-09\/doudou-attache-tetine-ecru-et-son-prenom-brode-jollein\"><picture data-alt=\"Doudou attache-t\u00e9tine \u00e9cru et son pr\u00e9nom brod\u00e9 - Jollein\"><source media=\"(min-width: 960px)\" srcset=\"https:\/\/static.tadaaz.be\/api\/2\/img\/tadprod\/TA14848-2600001-09\/TA14848-2600001-09-1.jpg\/fit?size=404x404&#038;auth=MjIwNzUzNzIxMg__\"><source media=\"(min-width: 600px) and (max-width: 959px)\" srcset=\"https:\/\/static.tadaaz.be\/api\/2\/img\/tadprod\/TA14848-2600001-09\/TA14848-2600001-09-1.jpg\/fit?size=298x298&#038;auth=MjIwNzUzNzIxMg__\"><source media=\"(min-width: 0) and (max-width: 599px)\" srcset=\"https:\/\/static.tadaaz.be\/api\/2\/img\/tadprod\/TA14848-2600001-09\/TA14848-2600001-09-1.jpg\/fit?size=291x291&#038;auth=MjIwNzUzNzIxMg__\"><img decoding=\"async\" src=\"https:\/\/static.tadaaz.be\/api\/2\/img\/tadprod\/TA14848-2600001-09\/TA14848-2600001-09-1.jpg\/fit?size=291x291&#038;auth=MjIwNzUzNzIxMg__\" alt=\"Doudou attache-t\u00e9tine \u00e9cru et son pr\u00e9nom brod\u00e9 - Jollein\" width=\"291\" height=\"291\" loading=\"lazy\" style=\"max-width:100%; height:auto;\"><\/picture><div class=\"product-info\"><p>Doudou attache-t\u00e9tine \u00e9cru et son pr\u00e9nom brod\u00e9 - Jollein<\/p><\/div><\/a><\/div>\n<div class=\"tdz-productgrid-block wp-block-column product-card\" data-sku=\"TA14846-2500003-09\"><a href=\"https:\/\/tadaaz.fr\/fr\/p\/TA14846-2500003-09\/couverture-bebe-prenom-brode-rose-sauvage-jollein\"><picture data-alt=\"Couverture b\u00e9b\u00e9 pr\u00e9nom brod\u00e9 rose sauvage - Jollein\"><source media=\"(min-width: 960px)\" srcset=\"https:\/\/static.tadaaz.be\/api\/2\/img\/tadprod\/TA14846-2500003-09\/couverture-bebe-prenom-brode-rose-sauvage-jollein-TA14846-2500003-09-1.jpg\/fit?size=404x404&#038;auth=MjIwNzUzNzIxMg__\"><source media=\"(min-width: 600px) and (max-width: 959px)\" srcset=\"https:\/\/static.tadaaz.be\/api\/2\/img\/tadprod\/TA14846-2500003-09\/couverture-bebe-prenom-brode-rose-sauvage-jollein-TA14846-2500003-09-1.jpg\/fit?size=298x298&#038;auth=MjIwNzUzNzIxMg__\"><source media=\"(min-width: 0) and (max-width: 599px)\" srcset=\"https:\/\/static.tadaaz.be\/api\/2\/img\/tadprod\/TA14846-2500003-09\/couverture-bebe-prenom-brode-rose-sauvage-jollein-TA14846-2500003-09-1.jpg\/fit?size=291x291&#038;auth=MjIwNzUzNzIxMg__\"><img decoding=\"async\" src=\"https:\/\/static.tadaaz.be\/api\/2\/img\/tadprod\/TA14846-2500003-09\/couverture-bebe-prenom-brode-rose-sauvage-jollein-TA14846-2500003-09-1.jpg\/fit?size=291x291&#038;auth=MjIwNzUzNzIxMg__\" alt=\"Couverture b\u00e9b\u00e9 pr\u00e9nom brod\u00e9 rose sauvage - Jollein\" width=\"291\" height=\"291\" loading=\"lazy\" style=\"max-width:100%; height:auto;\"><\/picture><div class=\"product-info\"><p>Couverture b\u00e9b\u00e9 pr\u00e9nom brod\u00e9 rose sauvage - Jollein<\/p><\/div><\/a><\/div>\n<div class=\"tdz-productgrid-block wp-block-column product-card\" data-sku=\"TA14854-2500002-09\"><a href=\"https:\/\/tadaaz.fr\/fr\/p\/TA14854-2500002-09\/trousse-de-toilette-teddy-prenom-brode-marron\"><picture data-alt=\"Trousse de toilette teddy pr\u00e9nom brod\u00e9 marron\"><source media=\"(min-width: 960px)\" srcset=\"https:\/\/static.tadaaz.be\/api\/2\/img\/tadprod\/TA14854-2500002-09\/trousse-de-toilette-teddy-prenom-brode-marron-TA14854-2500002-09-1.jpg\/fit?size=404x404&#038;auth=MjIwNzUzNzIxMg__\"><source media=\"(min-width: 600px) and (max-width: 959px)\" srcset=\"https:\/\/static.tadaaz.be\/api\/2\/img\/tadprod\/TA14854-2500002-09\/trousse-de-toilette-teddy-prenom-brode-marron-TA14854-2500002-09-1.jpg\/fit?size=298x298&#038;auth=MjIwNzUzNzIxMg__\"><source media=\"(min-width: 0) and (max-width: 599px)\" srcset=\"https:\/\/static.tadaaz.be\/api\/2\/img\/tadprod\/TA14854-2500002-09\/trousse-de-toilette-teddy-prenom-brode-marron-TA14854-2500002-09-1.jpg\/fit?size=291x291&#038;auth=MjIwNzUzNzIxMg__\"><img decoding=\"async\" src=\"https:\/\/static.tadaaz.be\/api\/2\/img\/tadprod\/TA14854-2500002-09\/trousse-de-toilette-teddy-prenom-brode-marron-TA14854-2500002-09-1.jpg\/fit?size=291x291&#038;auth=MjIwNzUzNzIxMg__\" alt=\"Trousse de toilette teddy pr\u00e9nom brod\u00e9 marron\" width=\"291\" height=\"291\" loading=\"lazy\" style=\"max-width:100%; height:auto;\"><\/picture><div class=\"product-info\"><p>Trousse de toilette teddy pr\u00e9nom brod\u00e9 marron<\/p><\/div><\/a><\/div>\n<div class=\"tdz-productgrid-block wp-block-column product-card\" data-sku=\"TA14849-2500002-09\"><a href=\"https:\/\/tadaaz.fr\/fr\/p\/TA14849-2500002-09\/couronne-d-anniversaire-age-et-prenom-brodes-ivoire-jollein\"><picture data-alt=\"Couronne d\u2019anniversaire \u00e2ge et pr\u00e9nom brod\u00e9s ivoire - Jollein\"><source media=\"(min-width: 960px)\" srcset=\"https:\/\/static.tadaaz.be\/api\/2\/img\/tadprod\/TA14849-2500002-09\/couronne-d-anniversaire-age-et-prenom-brodes-ivoire-jollein-TA14849-2500002-09-1.jpg\/fit?size=404x404&#038;auth=MjIwNzUzNzIxMg__\"><source media=\"(min-width: 600px) and (max-width: 959px)\" srcset=\"https:\/\/static.tadaaz.be\/api\/2\/img\/tadprod\/TA14849-2500002-09\/couronne-d-anniversaire-age-et-prenom-brodes-ivoire-jollein-TA14849-2500002-09-1.jpg\/fit?size=298x298&#038;auth=MjIwNzUzNzIxMg__\"><source media=\"(min-width: 0) and (max-width: 599px)\" srcset=\"https:\/\/static.tadaaz.be\/api\/2\/img\/tadprod\/TA14849-2500002-09\/couronne-d-anniversaire-age-et-prenom-brodes-ivoire-jollein-TA14849-2500002-09-1.jpg\/fit?size=291x291&#038;auth=MjIwNzUzNzIxMg__\"><img decoding=\"async\" src=\"https:\/\/static.tadaaz.be\/api\/2\/img\/tadprod\/TA14849-2500002-09\/couronne-d-anniversaire-age-et-prenom-brodes-ivoire-jollein-TA14849-2500002-09-1.jpg\/fit?size=291x291&#038;auth=MjIwNzUzNzIxMg__\" alt=\"Couronne d\u2019anniversaire \u00e2ge et pr\u00e9nom brod\u00e9s ivoire - Jollein\" width=\"291\" height=\"291\" loading=\"lazy\" style=\"max-width:100%; height:auto;\"><\/picture><div class=\"product-info\"><p>Couronne d\u2019anniversaire \u00e2ge et pr\u00e9nom brod\u00e9s ivoire - Jollein<\/p><\/div><\/a><\/div>\n<\/div>\n\n\n\n\n  <!-- wp:buttons -->\n  <div class=\"wp-block-buttons\">\n    <!-- wp:button {\"backgroundColor\":\"palette-color-1\",\"className\":\"is-style-fill\"} -->\n    <div class=\"wp-block-button is-style-fill\"><a class=\"wp-block-button__link has-background\" href=\"https:\/\/tadaaz.fr\/fr\/cadeau-personnalise\/broderie\">Toute la broderie<\/a><\/div>\n    <!-- \/wp:button -->\n  <\/div>\n  <!-- \/wp:buttons -->\n\n\n\n<h3 class=\"wp-block-heading\">L\u2019aide \u00e0 l\u2019endormissement<\/h3>\n\n\n\n<p>Cododo ou pas, le doudou est aussi d\u2019un grand soutien lors de l\u2019endormissement. L\u00e0 aussi, il aide \u00e0 garder un lien entre les parents et le b\u00e9b\u00e9, et lui permet de <strong>s\u2019endormir paisiblement en r\u00e9duisant les craintes de l\u2019abandon<\/strong>.<\/p>\n\n\n\n<p>Pour un b\u00e9b\u00e9, ses parents sont le centre de son monde, et autour de 6 mois, quand il prend conscience de son environnement et comprend que ses parents ne sont pas toujours aupr\u00e8s de lui, il se r\u00e9conforte gr\u00e2ce au doudou. Le b\u00e9b\u00e9 cr\u00e9e un lien tr\u00e8s fort avec sa peluche et apprend \u00e0 s\u2019autoapaiser, ce qui peut aussi faciliter le quotidien des parents.<\/p>\n\n\n\n<h2 class=\"wp-block-heading\">Comment choisir le doudou de votre b\u00e9b\u00e9 ?<\/h2>\n\n\n\n<p>Le choix du doudou ne doit pas \u00eatre pris \u00e0 la l\u00e9g\u00e8re. Il faut r\u00e9fl\u00e9chir \u00e0 la forme et \u00e0 la taille :<\/p>\n\n\n\n<ul class=\"wp-block-list\">\n<li>Il ne doit pas \u00eatre trop encombrant.<\/li>\n\n\n\n<li>Votre b\u00e9b\u00e9 doit pouvoir le prendre en main.<\/li>\n\n\n\n<li>Il doit \u00eatre doux, agr\u00e9able au toucher.<\/li>\n\n\n\n<li>Il doit respecter les normes NF et \u00eatre adapt\u00e9 \u00e0 son \u00e2ge.<\/li>\n<\/ul>\n\n\n\n<p>Autour de 4 mois, il est plut\u00f4t conseill\u00e9 d\u2019opter pour <strong>un carr\u00e9 de tissu l\u00e9ger et doux<\/strong>, que l\u2019enfant peut facilement tenir. Vous pouvez aussi choisir une peluche plate, qui facilite la prise en main.&nbsp;<\/p>\n\n\n\n<p>Autour d&rsquo;un an ou quand votre b\u00e9b\u00e9 fera du 4 pattes, vous pourrez lui proposer un nouveau doudou, comme une peluche qu\u2019il aura choisie lui-m\u00eame par exemple.<\/p>\n\n\n\n<p>Le doudou de votre b\u00e9b\u00e9 doit aussi avoir votre odeur. N\u2019aspergez pas sa peluche de parfum, ce serait toxique et mauvais pour votre b\u00e9b\u00e9. Vous pouvez tout simplement <strong>dormir avec quelques nuits et lui proposer ensuite la peluche<\/strong>.<\/p>\n\n\n\n<p>Enfin, pensez \u00e0 acheter <strong>deux doudous identiques et lavables<\/strong> pour que vous puissiez les alterner lorsque vous les passez en machine. Les doudous peuvent devenir de vrais nids \u00e0 microbes.<\/p>\n","protected":false},"excerpt":{"rendered":"<p>Le doudou est l\u2019objet r\u00e9confortant que l\u2019on donne tous \u00e0 nos b\u00e9b\u00e9s, mais il est important de ne pas l&rsquo;offrir n\u2019importe quand. D\u00e9couvrez dans cet article :\u00a0 Quand on pense au doudou, on pense \u00e0 cette petite peluche ou ce bout de tissu que l\u2019on poss\u00e8de depuis aussi longtemps qu\u2019on s\u2019en souvienne. C\u2019est ce petit [&hellip;]<\/p>\n","protected":false},"author":72,"featured_media":110702,"comment_status":"open","ping_status":"open","sticky":false,"template":"","format":"standard","meta":{"product_relevance":0,"footnotes":""},"categories":[67],"tags":[],"class_list":["post-110700","post","type-post","status-publish","format-standard","has-post-thumbnail","hentry","category-naissance"],"blocksy_meta":[],"yoast_head":"<!-- This site is optimized with the Yoast SEO plugin v26.7 - https:\/\/yoast.com\/wordpress\/plugins\/seo\/ -->\n<title>\u00c0 quel \u00e2ge donner un doudou \u00e0 b\u00e9b\u00e9\u200b ? Nos conseils\u202f! - Tadaaz Blog<\/title>\n<meta name=\"description\" content=\"D\u00e9couvrez quand donner un doudou \u00e0 b\u00e9b\u00e9 pour rassurer votre tout-petit et l\u2019accompagner dans ses premi\u00e8res nuits.\" \/>\n<meta name=\"robots\" content=\"index, follow, max-snippet:-1, max-image-preview:large, max-video-preview:-1\" \/>\n<link rel=\"canonical\" href=\"https:\/\/tadaaz.fr\/blog\/fr\/wp-json\/wp\/v2\/posts\/110700\" \/>\n<meta property=\"og:locale\" content=\"fr_FR\" \/>\n<meta property=\"og:type\" content=\"article\" \/>\n<meta property=\"og:title\" content=\"\u00c0 quel \u00e2ge donner un doudou \u00e0 b\u00e9b\u00e9\u200b ? Nos conseils\u202f! - Tadaaz Blog\" \/>\n<meta property=\"og:description\" content=\"D\u00e9couvrez quand donner un doudou \u00e0 b\u00e9b\u00e9 pour rassurer votre tout-petit et l\u2019accompagner dans ses premi\u00e8res nuits.\" \/>\n<meta property=\"og:url\" content=\"https:\/\/tadaaz.fr\/blog\/fr\/naissance\/a-quel-age-donner-un-doudou-a-bebe\/\" \/>\n<meta property=\"og:site_name\" content=\"Tadaaz Blog\" \/>\n<meta property=\"article:published_time\" content=\"2025-09-01T14:21:28+00:00\" \/>\n<meta property=\"article:modified_time\" content=\"2025-09-01T14:21:32+00:00\" \/>\n<meta property=\"og:image\" content=\"https:\/\/tadaaz.fr\/blog\/wp-content\/uploads\/2025\/09\/quand-donner-un-doudou-a-bebe.png\" \/>\n\t<meta property=\"og:image:width\" content=\"1024\" \/>\n\t<meta property=\"og:image:height\" content=\"768\" \/>\n\t<meta property=\"og:image:type\" content=\"image\/png\" \/>\n<meta name=\"author\" content=\"Iris\" \/>\n<meta name=\"twitter:card\" content=\"summary_large_image\" \/>\n<meta name=\"twitter:label1\" content=\"\u00c9crit par\" \/>\n\t<meta name=\"twitter:data1\" content=\"Iris\" \/>\n\t<meta name=\"twitter:label2\" content=\"Dur\u00e9e de lecture estim\u00e9e\" \/>\n\t<meta name=\"twitter:data2\" content=\"5 minutes\" \/>\n<!-- \/ Yoast SEO plugin. -->","yoast_head_json":{"title":"\u00c0 quel \u00e2ge donner un doudou \u00e0 b\u00e9b\u00e9\u200b ? Nos conseils\u202f! - Tadaaz Blog","description":"D\u00e9couvrez quand donner un doudou \u00e0 b\u00e9b\u00e9 pour rassurer votre tout-petit et l\u2019accompagner dans ses premi\u00e8res nuits.","robots":{"index":"index","follow":"follow","max-snippet":"max-snippet:-1","max-image-preview":"max-image-preview:large","max-video-preview":"max-video-preview:-1"},"canonical":"https:\/\/tadaaz.fr\/blog\/fr\/wp-json\/wp\/v2\/posts\/110700","og_locale":"fr_FR","og_type":"article","og_title":"\u00c0 quel \u00e2ge donner un doudou \u00e0 b\u00e9b\u00e9\u200b ? Nos conseils\u202f! - Tadaaz Blog","og_description":"D\u00e9couvrez quand donner un doudou \u00e0 b\u00e9b\u00e9 pour rassurer votre tout-petit et l\u2019accompagner dans ses premi\u00e8res nuits.","og_url":"https:\/\/tadaaz.fr\/blog\/fr\/naissance\/a-quel-age-donner-un-doudou-a-bebe\/","og_site_name":"Tadaaz Blog","article_published_time":"2025-09-01T14:21:28+00:00","article_modified_time":"2025-09-01T14:21:32+00:00","og_image":[{"width":1024,"height":768,"url":"https:\/\/tadaaz.fr\/blog\/wp-content\/uploads\/2025\/09\/quand-donner-un-doudou-a-bebe.png","type":"image\/png"}],"author":"Iris","twitter_card":"summary_large_image","twitter_misc":{"\u00c9crit par":"Iris","Dur\u00e9e de lecture estim\u00e9e":"5 minutes"},"schema":{"@context":"https:\/\/schema.org","@graph":[{"@type":"Article","@id":"https:\/\/tadaaz.fr\/blog\/fr\/naissance\/a-quel-age-donner-un-doudou-a-bebe\/#article","isPartOf":{"@id":"https:\/\/tadaaz.fr\/blog\/fr\/naissance\/a-quel-age-donner-un-doudou-a-bebe\/"},"author":{"name":"Iris","@id":"https:\/\/tadaaz.nl\/blog\/nl\/#\/schema\/person\/2f6659f670fbdd73a02a86a2f17cb6f4"},"headline":"\u00c0 quel \u00e2ge donner un doudou \u00e0 b\u00e9b\u00e9\u200b ? Nos conseils\u202f!","datePublished":"2025-09-01T14:21:28+00:00","dateModified":"2025-09-01T14:21:32+00:00","mainEntityOfPage":{"@id":"https:\/\/tadaaz.fr\/blog\/fr\/naissance\/a-quel-age-donner-un-doudou-a-bebe\/"},"wordCount":909,"commentCount":0,"publisher":{"@id":"https:\/\/tadaaz.nl\/blog\/nl\/#organization"},"image":{"@id":"https:\/\/tadaaz.fr\/blog\/fr\/naissance\/a-quel-age-donner-un-doudou-a-bebe\/#primaryimage"},"thumbnailUrl":"https:\/\/tadaaz.fr\/blog\/wp-content\/uploads\/2025\/09\/quand-donner-un-doudou-a-bebe.png","articleSection":["Naissance"],"inLanguage":"fr-FR","potentialAction":[{"@type":"CommentAction","name":"Comment","target":["https:\/\/tadaaz.fr\/blog\/fr\/naissance\/a-quel-age-donner-un-doudou-a-bebe\/#respond"]}]},{"@type":"WebPage","@id":"https:\/\/tadaaz.fr\/blog\/fr\/naissance\/a-quel-age-donner-un-doudou-a-bebe\/","url":"https:\/\/tadaaz.fr\/blog\/fr\/naissance\/a-quel-age-donner-un-doudou-a-bebe\/","name":"\u00c0 quel \u00e2ge donner un doudou \u00e0 b\u00e9b\u00e9\u200b ? Nos conseils\u202f! - Tadaaz Blog","isPartOf":{"@id":"https:\/\/tadaaz.nl\/blog\/nl\/#website"},"primaryImageOfPage":{"@id":"https:\/\/tadaaz.fr\/blog\/fr\/naissance\/a-quel-age-donner-un-doudou-a-bebe\/#primaryimage"},"image":{"@id":"https:\/\/tadaaz.fr\/blog\/fr\/naissance\/a-quel-age-donner-un-doudou-a-bebe\/#primaryimage"},"thumbnailUrl":"https:\/\/tadaaz.fr\/blog\/wp-content\/uploads\/2025\/09\/quand-donner-un-doudou-a-bebe.png","datePublished":"2025-09-01T14:21:28+00:00","dateModified":"2025-09-01T14:21:32+00:00","description":"D\u00e9couvrez quand donner un doudou \u00e0 b\u00e9b\u00e9 pour rassurer votre tout-petit et l\u2019accompagner dans ses premi\u00e8res nuits.","inLanguage":"fr-FR","potentialAction":[{"@type":"ReadAction","target":["https:\/\/tadaaz.fr\/blog\/fr\/naissance\/a-quel-age-donner-un-doudou-a-bebe\/"]}]},{"@type":"ImageObject","inLanguage":"fr-FR","@id":"https:\/\/tadaaz.fr\/blog\/fr\/naissance\/a-quel-age-donner-un-doudou-a-bebe\/#primaryimage","url":"https:\/\/tadaaz.fr\/blog\/wp-content\/uploads\/2025\/09\/quand-donner-un-doudou-a-bebe.png","contentUrl":"https:\/\/tadaaz.fr\/blog\/wp-content\/uploads\/2025\/09\/quand-donner-un-doudou-a-bebe.png","width":1024,"height":768,"caption":"quand donner un doudou a bebe"},{"@type":"WebSite","@id":"https:\/\/tadaaz.nl\/blog\/nl\/#website","url":"https:\/\/tadaaz.nl\/blog\/nl\/","name":"Tadaaz Blog","description":"","publisher":{"@id":"https:\/\/tadaaz.nl\/blog\/nl\/#organization"},"potentialAction":[{"@type":"SearchAction","target":{"@type":"EntryPoint","urlTemplate":"https:\/\/tadaaz.nl\/blog\/nl\/?s={search_term_string}"},"query-input":{"@type":"PropertyValueSpecification","valueRequired":true,"valueName":"search_term_string"}}],"inLanguage":"fr-FR"},{"@type":"Organization","@id":"https:\/\/tadaaz.nl\/blog\/nl\/#organization","name":"Tadaaz Blog","url":"https:\/\/tadaaz.nl\/blog\/nl\/","logo":{"@type":"ImageObject","inLanguage":"fr-FR","@id":"https:\/\/tadaaz.nl\/blog\/nl\/#\/schema\/logo\/image\/","url":"https:\/\/tadaaz.fr\/blog\/wp-content\/uploads\/2023\/02\/TADAAZ_LOGO_RGB_BLOG.svg","contentUrl":"https:\/\/tadaaz.fr\/blog\/wp-content\/uploads\/2023\/02\/TADAAZ_LOGO_RGB_BLOG.svg","caption":"Tadaaz Blog"},"image":{"@id":"https:\/\/tadaaz.nl\/blog\/nl\/#\/schema\/logo\/image\/"}},{"@type":"Person","@id":"https:\/\/tadaaz.nl\/blog\/nl\/#\/schema\/person\/2f6659f670fbdd73a02a86a2f17cb6f4","name":"Iris","image":{"@type":"ImageObject","inLanguage":"fr-FR","@id":"https:\/\/tadaaz.nl\/blog\/nl\/#\/schema\/person\/image\/","url":"https:\/\/secure.gravatar.com\/avatar\/c25203fdebe3c5ec25528d8c6db7cb5719890cf99946a387f0dbbd6147bc174e?s=96&d=mm&r=g","contentUrl":"https:\/\/secure.gravatar.com\/avatar\/c25203fdebe3c5ec25528d8c6db7cb5719890cf99946a387f0dbbd6147bc174e?s=96&d=mm&r=g","caption":"Iris"},"description":"Je suis passionn\u00e9e par les moments marquants de la vie, j\u2019aime faire du sport, voyager, prendre soin de moi, voir mes amis, et surtout, organiser des \u00e9v\u00e9nements ! C\u2019est ce m\u00e9lange d\u2019\u00e9nergie et de passion qui me pousse \u00e0 partager avec vous des astuces et conseils pour faire de vos c\u00e9r\u00e9monies un v\u00e9ritable succ\u00e8s ! Que ce soit pour un mariage, un bapt\u00eame ou une f\u00eate d\u2019anniversaire, je vous accompagne avec des id\u00e9es cr\u00e9atives pour sublimer ces instants magiques.","sameAs":["https:\/\/fr.linkedin.com\/in\/iris-capon-949b2119a"],"url":"https:\/\/tadaaz.fr\/blog\/fr\/author\/iristadaaz-fr\/"}]}},"_links":{"self":[{"href":"https:\/\/tadaaz.fr\/blog\/fr\/wp-json\/wp\/v2\/posts\/110700","targetHints":{"allow":["GET"]}}],"collection":[{"href":"https:\/\/tadaaz.fr\/blog\/fr\/wp-json\/wp\/v2\/posts"}],"about":[{"href":"https:\/\/tadaaz.fr\/blog\/fr\/wp-json\/wp\/v2\/types\/post"}],"author":[{"embeddable":true,"href":"https:\/\/tadaaz.fr\/blog\/fr\/wp-json\/wp\/v2\/users\/72"}],"replies":[{"embeddable":true,"href":"https:\/\/tadaaz.fr\/blog\/fr\/wp-json\/wp\/v2\/comments?post=110700"}],"version-history":[{"count":2,"href":"https:\/\/tadaaz.fr\/blog\/fr\/wp-json\/wp\/v2\/posts\/110700\/revisions"}],"predecessor-version":[{"id":110707,"href":"https:\/\/tadaaz.fr\/blog\/fr\/wp-json\/wp\/v2\/posts\/110700\/revisions\/110707"}],"wp:featuredmedia":[{"embeddable":true,"href":"https:\/\/tadaaz.fr\/blog\/fr\/wp-json\/wp\/v2\/media\/110702"}],"wp:attachment":[{"href":"https:\/\/tadaaz.fr\/blog\/fr\/wp-json\/wp\/v2\/media?parent=110700"}],"wp:term":[{"taxonomy":"category","embeddable":true,"href":"https:\/\/tadaaz.fr\/blog\/fr\/wp-json\/wp\/v2\/categories?post=110700"},{"taxonomy":"post_tag","embeddable":true,"href":"https:\/\/tadaaz.fr\/blog\/fr\/wp-json\/wp\/v2\/tags?post=110700"}],"curies":[{"name":"wp","href":"https:\/\/api.w.org\/{rel}","templated":true}]}}