{"id":110853,"date":"2025-09-02T11:20:46","date_gmt":"2025-09-02T09:20:46","guid":{"rendered":"https:\/\/tadaaz.fr\/blog\/?p=110853"},"modified":"2025-09-02T11:24:18","modified_gmt":"2025-09-02T09:24:18","slug":"cape-de-bain-bebe-combien-en-faut-il","status":"publish","type":"post","link":"https:\/\/tadaaz.fr\/blog\/fr\/naissance\/cape-de-bain-bebe-combien-en-faut-il\/","title":{"rendered":"Cape de bain b\u00e9b\u00e9 : combien en faut-il vraiment pour votre enfant ?"},"content":{"rendered":"\n<p>Vous ignorez si vous avez besoin d\u2019une grande quantit\u00e9 de<a href=\"\/fr\/cadeau-personnalise\/broderie\"> linge de bain<\/a> pour vos enfants ? Dans cet article, nous vous expliquons :&nbsp;<\/p>\n\n\n\n<ul class=\"wp-block-list\">\n<li>Combien de <a href=\"\/fr\/cadeau-personnalise\/cape-de-bain\">capes de bain<\/a> acheter ;<\/li>\n\n\n\n<li>Pourquoi c\u2019est si important d\u2019en poss\u00e9der ;<\/li>\n\n\n\n<li>Comment choisir les capes de bain pour vos enfants.<\/li>\n<\/ul>\n\n\n\n<p>Entre les changes, les machines et les bains chaque semaine, il est assez difficile de mesurer <a href=\"\/blog\/fr\/naissance\/comment-habiller-bebe-a-la-naissance\/\">le nombre de v\u00eatements et accessoires <\/a>dont on peut avoir besoin pour son <a href=\"\/fr\/naissance\">enfant<\/a>. Pour le linge de salle de bain, la question est assez complexe puisque cela d\u00e9pendra de plusieurs crit\u00e8res.<\/p>\n\n\n\n<figure class=\"wp-block-image size-full\"><a href=\"https:\/\/tadaaz.fr\/blog\/wp-content\/uploads\/2025\/09\/combien-de-cap-de-bain-bebe.png\"><img loading=\"lazy\" decoding=\"async\" width=\"1024\" height=\"768\" src=\"https:\/\/tadaaz.fr\/blog\/wp-content\/uploads\/2025\/09\/combien-de-cap-de-bain-bebe.png\" alt=\"combien de cape de bain bebe\u200b\" class=\"wp-image-110854\" srcset=\"https:\/\/tadaaz.fr\/blog\/wp-content\/uploads\/2025\/09\/combien-de-cap-de-bain-bebe.png 1024w, https:\/\/tadaaz.fr\/blog\/wp-content\/uploads\/2025\/09\/combien-de-cap-de-bain-bebe-300x225.png 300w, https:\/\/tadaaz.fr\/blog\/wp-content\/uploads\/2025\/09\/combien-de-cap-de-bain-bebe-768x576.png 768w, https:\/\/tadaaz.fr\/blog\/wp-content\/uploads\/2025\/09\/combien-de-cap-de-bain-bebe-100x75.png 100w\" sizes=\"auto, (max-width: 1024px) 100vw, 1024px\" \/><\/a><\/figure>\n\n\n\n<h2 class=\"wp-block-heading\">Le nombre de capes de bain id\u00e9al<\/h2>\n\n\n\n<p>Le nombre de <a href=\"\/fr\/cadeau-personnalise\/cape-de-bain\">capes de bain <\/a>va varier selon l\u2019\u00e2ge de votre b\u00e9b\u00e9,<strong> la fr\u00e9quence des bains que vous lui donnez<\/strong> et le nombre de machines \u00e0 laver que vous faites tourner.<\/p>\n\n\n\n<h3 class=\"wp-block-heading\">Pour un nouveau-n\u00e9<\/h3>\n\n\n\n<p>La cape de bain d\u2019un nouveau-n\u00e9 doit \u00eatre chang\u00e9e apr\u00e8s chaque utilisation. Si vous pr\u00e9voyez de donner un bain tous les deux jours \u00e0 votre b\u00e9b\u00e9 et avec une fr\u00e9quence de deux machines par semaine, trois capes de bain devraient suffire dans ce cas.<\/p>\n\n\n\n<p>Si vous ne faites qu\u2019une machine par semaine, <strong>quatre capes de bain sont recommand\u00e9es<\/strong>. Trois capes pour les bains de la semaine et une cape de rechange. En cas de petit accident apr\u00e8s le bain, il faut que vous puissiez en avoir une propre sous la main.<\/p>\n\n\n<div class=\"tdz-productgrid\" data-id=\"693\" style=\"--tdz-grid-cols: 3;\"><div class=\"tdz-productgrid-block wp-block-column product-card\" data-sku=\"TA14847-2500001-09\"><a href=\"https:\/\/tadaaz.fr\/fr\/p\/TA14847-2500001-09\/cape-de-bain-prenom-brode-nougat-jollein\"><picture data-alt=\"Cape de bain pr\u00e9nom brod\u00e9 nougat - Jollein\"><source media=\"(min-width: 960px)\" srcset=\"https:\/\/static.tadaaz.be\/api\/2\/img\/tadprod\/TA14847-2500001-09\/cape-de-bain-prenom-brode-nougat-jollein-TA14847-2500001-09-1.jpg\/fit?size=404x404&#038;auth=MjIwNzUzNzIxMg__\"><source media=\"(min-width: 600px) and (max-width: 959px)\" srcset=\"https:\/\/static.tadaaz.be\/api\/2\/img\/tadprod\/TA14847-2500001-09\/cape-de-bain-prenom-brode-nougat-jollein-TA14847-2500001-09-1.jpg\/fit?size=298x298&#038;auth=MjIwNzUzNzIxMg__\"><source media=\"(min-width: 0) and (max-width: 599px)\" srcset=\"https:\/\/static.tadaaz.be\/api\/2\/img\/tadprod\/TA14847-2500001-09\/cape-de-bain-prenom-brode-nougat-jollein-TA14847-2500001-09-1.jpg\/fit?size=291x291&#038;auth=MjIwNzUzNzIxMg__\"><img decoding=\"async\" src=\"https:\/\/static.tadaaz.be\/api\/2\/img\/tadprod\/TA14847-2500001-09\/cape-de-bain-prenom-brode-nougat-jollein-TA14847-2500001-09-1.jpg\/fit?size=291x291&#038;auth=MjIwNzUzNzIxMg__\" alt=\"Cape de bain pr\u00e9nom brod\u00e9 nougat - Jollein\" width=\"291\" height=\"291\" loading=\"lazy\" style=\"max-width:100%; height:auto;\"><\/picture><div class=\"product-info\"><p>Cape de bain pr\u00e9nom brod\u00e9 nougat - Jollein<\/p><\/div><\/a><\/div>\n<div class=\"tdz-productgrid-block wp-block-column product-card\" data-sku=\"TA14847-2500003-09\"><a href=\"https:\/\/tadaaz.fr\/fr\/p\/TA14847-2500003-09\/cape-de-bain-prenom-brode-rose-sauvage-jollein\"><picture data-alt=\"Cape de bain pr\u00e9nom brod\u00e9 rose sauvage - Jollein\"><source media=\"(min-width: 960px)\" srcset=\"https:\/\/static.tadaaz.be\/api\/2\/img\/tadprod\/TA14847-2500003-09\/cape-de-bain-prenom-brode-rose-sauvage-jollein-TA14847-2500003-09-1.jpg\/fit?size=404x404&#038;auth=MjIwNzUzNzIxMg__\"><source media=\"(min-width: 600px) and (max-width: 959px)\" srcset=\"https:\/\/static.tadaaz.be\/api\/2\/img\/tadprod\/TA14847-2500003-09\/cape-de-bain-prenom-brode-rose-sauvage-jollein-TA14847-2500003-09-1.jpg\/fit?size=298x298&#038;auth=MjIwNzUzNzIxMg__\"><source media=\"(min-width: 0) and (max-width: 599px)\" srcset=\"https:\/\/static.tadaaz.be\/api\/2\/img\/tadprod\/TA14847-2500003-09\/cape-de-bain-prenom-brode-rose-sauvage-jollein-TA14847-2500003-09-1.jpg\/fit?size=291x291&#038;auth=MjIwNzUzNzIxMg__\"><img decoding=\"async\" src=\"https:\/\/static.tadaaz.be\/api\/2\/img\/tadprod\/TA14847-2500003-09\/cape-de-bain-prenom-brode-rose-sauvage-jollein-TA14847-2500003-09-1.jpg\/fit?size=291x291&#038;auth=MjIwNzUzNzIxMg__\" alt=\"Cape de bain pr\u00e9nom brod\u00e9 rose sauvage - Jollein\" width=\"291\" height=\"291\" loading=\"lazy\" style=\"max-width:100%; height:auto;\"><\/picture><div class=\"product-info\"><p>Cape de bain pr\u00e9nom brod\u00e9 rose sauvage - Jollein<\/p><\/div><\/a><\/div>\n<div class=\"tdz-productgrid-block wp-block-column product-card\" data-sku=\"TA14847-2500002-09\"><a href=\"https:\/\/tadaaz.fr\/fr\/p\/TA14847-2500002-09\/cape-de-bain-prenom-brode-vert-cendre-jollein\"><picture data-alt=\"Cape de bain pr\u00e9nom brod\u00e9 vert cendr\u00e9 - Jollein\"><source media=\"(min-width: 960px)\" srcset=\"https:\/\/static.tadaaz.be\/api\/2\/img\/tadprod\/TA14847-2500002-09\/cape-de-bain-prenom-brode-vert-cendre-jollein-TA14847-2500002-09-1.jpg\/fit?size=404x404&#038;auth=MjIwNzUzNzIxMg__\"><source media=\"(min-width: 600px) and (max-width: 959px)\" srcset=\"https:\/\/static.tadaaz.be\/api\/2\/img\/tadprod\/TA14847-2500002-09\/cape-de-bain-prenom-brode-vert-cendre-jollein-TA14847-2500002-09-1.jpg\/fit?size=298x298&#038;auth=MjIwNzUzNzIxMg__\"><source media=\"(min-width: 0) and (max-width: 599px)\" srcset=\"https:\/\/static.tadaaz.be\/api\/2\/img\/tadprod\/TA14847-2500002-09\/cape-de-bain-prenom-brode-vert-cendre-jollein-TA14847-2500002-09-1.jpg\/fit?size=291x291&#038;auth=MjIwNzUzNzIxMg__\"><img decoding=\"async\" src=\"https:\/\/static.tadaaz.be\/api\/2\/img\/tadprod\/TA14847-2500002-09\/cape-de-bain-prenom-brode-vert-cendre-jollein-TA14847-2500002-09-1.jpg\/fit?size=291x291&#038;auth=MjIwNzUzNzIxMg__\" alt=\"Cape de bain pr\u00e9nom brod\u00e9 vert cendr\u00e9 - Jollein\" width=\"291\" height=\"291\" loading=\"lazy\" style=\"max-width:100%; height:auto;\"><\/picture><div class=\"product-info\"><p>Cape de bain pr\u00e9nom brod\u00e9 vert cendr\u00e9 - Jollein<\/p><\/div><\/a><\/div>\n<\/div>\n\n\n\n\n  <!-- wp:buttons -->\n  <div class=\"wp-block-buttons\">\n    <!-- wp:button {\"backgroundColor\":\"palette-color-1\",\"className\":\"is-style-fill\"} -->\n    <div class=\"wp-block-button is-style-fill\"><a class=\"wp-block-button__link has-background\" href=\"https:\/\/tadaaz.fr\/fr\/cadeau-personnalise\/cape-de-bain\">Toutes les capes de bain<\/a><\/div>\n    <!-- \/wp:button -->\n  <\/div>\n  <!-- \/wp:buttons -->\n\n\n\n<p>Pensez \u00e9galement au temps de s\u00e9chage. Si vous lavez toutes les capes en m\u00eame temps, il se peut qu\u2019elles soient mal s\u00e9ch\u00e9es pour le prochain bain.<\/p>\n\n\n\n<h3 class=\"wp-block-heading\">Apr\u00e8s quelques mois<\/h3>\n\n\n\n<p>Quand b\u00e9b\u00e9 aura grandi et qu\u2019il faudra lui changer ses capes de bain, la fr\u00e9quence de lavage pourra diminuer, mais il reste conseill\u00e9 d\u2019avoir<strong> au moins deux capes en rotation<\/strong>, plus une de secours, en cas d\u2019accident.<\/p>\n\n\n\n<p>Il est possible de laver qu\u2019une seule fois par semaine la cape de votre enfant, mais \u00e0 certaines conditions. <strong>Ne pas laisser la cape en boule <\/strong>et donner qu\u2019un seul bain tous les deux ou trois jours.<\/p>\n\n\n\n<h3 class=\"wp-block-heading\">Cape de bain suppl\u00e9mentaire pour les activit\u00e9s<\/h3>\n\n\n\n<p>Hormis les deux \u00e0 quatre capes de bain que vous aurez, il est recommand\u00e9 d\u2019en avoir au moins <strong>une suppl\u00e9mentaire en fonction de vos activit\u00e9s<\/strong>. Que ce soit pour la piscine, avec les b\u00e9b\u00e9s nageurs ou en famille, par exemple, pr\u00e9voyez toujours d\u2019en avoir une \u00e0 emmener en ext\u00e9rieur, que vous pourrez mettre au sale directement apr\u00e8s l\u2019activit\u00e9.<\/p>\n\n\n<div class=\"tdz-productgrid\" data-id=\"689\" style=\"--tdz-grid-cols: 3;\"><div class=\"tdz-productgrid-block wp-block-column product-card\" data-sku=\"TA14847-2500001-09\"><a href=\"https:\/\/tadaaz.fr\/fr\/p\/TA14847-2500001-09\/cape-de-bain-prenom-brode-nougat-jollein\"><picture data-alt=\"Cape de bain pr\u00e9nom brod\u00e9 nougat - Jollein\"><source media=\"(min-width: 960px)\" srcset=\"https:\/\/static.tadaaz.be\/api\/2\/img\/tadprod\/TA14847-2500001-09\/cape-de-bain-prenom-brode-nougat-jollein-TA14847-2500001-09-1.jpg\/fit?size=404x404&#038;auth=MjIwNzUzNzIxMg__\"><source media=\"(min-width: 600px) and (max-width: 959px)\" srcset=\"https:\/\/static.tadaaz.be\/api\/2\/img\/tadprod\/TA14847-2500001-09\/cape-de-bain-prenom-brode-nougat-jollein-TA14847-2500001-09-1.jpg\/fit?size=298x298&#038;auth=MjIwNzUzNzIxMg__\"><source media=\"(min-width: 0) and (max-width: 599px)\" srcset=\"https:\/\/static.tadaaz.be\/api\/2\/img\/tadprod\/TA14847-2500001-09\/cape-de-bain-prenom-brode-nougat-jollein-TA14847-2500001-09-1.jpg\/fit?size=291x291&#038;auth=MjIwNzUzNzIxMg__\"><img decoding=\"async\" src=\"https:\/\/static.tadaaz.be\/api\/2\/img\/tadprod\/TA14847-2500001-09\/cape-de-bain-prenom-brode-nougat-jollein-TA14847-2500001-09-1.jpg\/fit?size=291x291&#038;auth=MjIwNzUzNzIxMg__\" alt=\"Cape de bain pr\u00e9nom brod\u00e9 nougat - Jollein\" width=\"291\" height=\"291\" loading=\"lazy\" style=\"max-width:100%; height:auto;\"><\/picture><div class=\"product-info\"><p>Cape de bain pr\u00e9nom brod\u00e9 nougat - Jollein<\/p><\/div><\/a><\/div>\n<div class=\"tdz-productgrid-block wp-block-column product-card\" data-sku=\"TA14860-2500001-09\"><a href=\"https:\/\/tadaaz.fr\/fr\/p\/TA14860-2500001-09\/peignoir-pour-enfant-beige-prenom-et-coeur-brodes\"><picture data-alt=\"Peignoir pour enfant beige pr\u00e9nom et coeur brod\u00e9s\"><source media=\"(min-width: 960px)\" srcset=\"https:\/\/static.tadaaz.be\/api\/2\/img\/tadprod\/TA14860-2500001-09\/TA14860-2500001-09-1.jpg\/fit?size=404x404&#038;auth=MjIwNzUzNzIxMg__\"><source media=\"(min-width: 600px) and (max-width: 959px)\" srcset=\"https:\/\/static.tadaaz.be\/api\/2\/img\/tadprod\/TA14860-2500001-09\/TA14860-2500001-09-1.jpg\/fit?size=298x298&#038;auth=MjIwNzUzNzIxMg__\"><source media=\"(min-width: 0) and (max-width: 599px)\" srcset=\"https:\/\/static.tadaaz.be\/api\/2\/img\/tadprod\/TA14860-2500001-09\/TA14860-2500001-09-1.jpg\/fit?size=291x291&#038;auth=MjIwNzUzNzIxMg__\"><img decoding=\"async\" src=\"https:\/\/static.tadaaz.be\/api\/2\/img\/tadprod\/TA14860-2500001-09\/TA14860-2500001-09-1.jpg\/fit?size=291x291&#038;auth=MjIwNzUzNzIxMg__\" alt=\"Peignoir pour enfant beige pr\u00e9nom et coeur brod\u00e9s\" width=\"291\" height=\"291\" loading=\"lazy\" style=\"max-width:100%; height:auto;\"><\/picture><div class=\"product-info\"><p>Peignoir pour enfant beige pr\u00e9nom et coeur brod\u00e9s<\/p><\/div><\/a><\/div>\n<div class=\"tdz-productgrid-block wp-block-column product-card\" data-sku=\"TA14848-2600001-09\"><a href=\"https:\/\/tadaaz.fr\/fr\/p\/TA14848-2600001-09\/doudou-attache-tetine-ecru-et-son-prenom-brode-jollein\"><picture data-alt=\"Doudou attache-t\u00e9tine \u00e9cru et son pr\u00e9nom brod\u00e9 - Jollein\"><source media=\"(min-width: 960px)\" srcset=\"https:\/\/static.tadaaz.be\/api\/2\/img\/tadprod\/TA14848-2600001-09\/TA14848-2600001-09-1.jpg\/fit?size=404x404&#038;auth=MjIwNzUzNzIxMg__\"><source media=\"(min-width: 600px) and (max-width: 959px)\" srcset=\"https:\/\/static.tadaaz.be\/api\/2\/img\/tadprod\/TA14848-2600001-09\/TA14848-2600001-09-1.jpg\/fit?size=298x298&#038;auth=MjIwNzUzNzIxMg__\"><source media=\"(min-width: 0) and (max-width: 599px)\" srcset=\"https:\/\/static.tadaaz.be\/api\/2\/img\/tadprod\/TA14848-2600001-09\/TA14848-2600001-09-1.jpg\/fit?size=291x291&#038;auth=MjIwNzUzNzIxMg__\"><img decoding=\"async\" src=\"https:\/\/static.tadaaz.be\/api\/2\/img\/tadprod\/TA14848-2600001-09\/TA14848-2600001-09-1.jpg\/fit?size=291x291&#038;auth=MjIwNzUzNzIxMg__\" alt=\"Doudou attache-t\u00e9tine \u00e9cru et son pr\u00e9nom brod\u00e9 - Jollein\" width=\"291\" height=\"291\" loading=\"lazy\" style=\"max-width:100%; height:auto;\"><\/picture><div class=\"product-info\"><p>Doudou attache-t\u00e9tine \u00e9cru et son pr\u00e9nom brod\u00e9 - Jollein<\/p><\/div><\/a><\/div>\n<div class=\"tdz-productgrid-block wp-block-column product-card\" data-sku=\"TA14846-2500003-09\"><a href=\"https:\/\/tadaaz.fr\/fr\/p\/TA14846-2500003-09\/couverture-bebe-prenom-brode-rose-sauvage-jollein\"><picture data-alt=\"Couverture b\u00e9b\u00e9 pr\u00e9nom brod\u00e9 rose sauvage - Jollein\"><source media=\"(min-width: 960px)\" srcset=\"https:\/\/static.tadaaz.be\/api\/2\/img\/tadprod\/TA14846-2500003-09\/couverture-bebe-prenom-brode-rose-sauvage-jollein-TA14846-2500003-09-1.jpg\/fit?size=404x404&#038;auth=MjIwNzUzNzIxMg__\"><source media=\"(min-width: 600px) and (max-width: 959px)\" srcset=\"https:\/\/static.tadaaz.be\/api\/2\/img\/tadprod\/TA14846-2500003-09\/couverture-bebe-prenom-brode-rose-sauvage-jollein-TA14846-2500003-09-1.jpg\/fit?size=298x298&#038;auth=MjIwNzUzNzIxMg__\"><source media=\"(min-width: 0) and (max-width: 599px)\" srcset=\"https:\/\/static.tadaaz.be\/api\/2\/img\/tadprod\/TA14846-2500003-09\/couverture-bebe-prenom-brode-rose-sauvage-jollein-TA14846-2500003-09-1.jpg\/fit?size=291x291&#038;auth=MjIwNzUzNzIxMg__\"><img decoding=\"async\" src=\"https:\/\/static.tadaaz.be\/api\/2\/img\/tadprod\/TA14846-2500003-09\/couverture-bebe-prenom-brode-rose-sauvage-jollein-TA14846-2500003-09-1.jpg\/fit?size=291x291&#038;auth=MjIwNzUzNzIxMg__\" alt=\"Couverture b\u00e9b\u00e9 pr\u00e9nom brod\u00e9 rose sauvage - Jollein\" width=\"291\" height=\"291\" loading=\"lazy\" style=\"max-width:100%; height:auto;\"><\/picture><div class=\"product-info\"><p>Couverture b\u00e9b\u00e9 pr\u00e9nom brod\u00e9 rose sauvage - Jollein<\/p><\/div><\/a><\/div>\n<div class=\"tdz-productgrid-block wp-block-column product-card\" data-sku=\"TA14854-2500002-09\"><a href=\"https:\/\/tadaaz.fr\/fr\/p\/TA14854-2500002-09\/trousse-de-toilette-teddy-prenom-brode-marron\"><picture data-alt=\"Trousse de toilette teddy pr\u00e9nom brod\u00e9 marron\"><source media=\"(min-width: 960px)\" srcset=\"https:\/\/static.tadaaz.be\/api\/2\/img\/tadprod\/TA14854-2500002-09\/trousse-de-toilette-teddy-prenom-brode-marron-TA14854-2500002-09-1.jpg\/fit?size=404x404&#038;auth=MjIwNzUzNzIxMg__\"><source media=\"(min-width: 600px) and (max-width: 959px)\" srcset=\"https:\/\/static.tadaaz.be\/api\/2\/img\/tadprod\/TA14854-2500002-09\/trousse-de-toilette-teddy-prenom-brode-marron-TA14854-2500002-09-1.jpg\/fit?size=298x298&#038;auth=MjIwNzUzNzIxMg__\"><source media=\"(min-width: 0) and (max-width: 599px)\" srcset=\"https:\/\/static.tadaaz.be\/api\/2\/img\/tadprod\/TA14854-2500002-09\/trousse-de-toilette-teddy-prenom-brode-marron-TA14854-2500002-09-1.jpg\/fit?size=291x291&#038;auth=MjIwNzUzNzIxMg__\"><img decoding=\"async\" src=\"https:\/\/static.tadaaz.be\/api\/2\/img\/tadprod\/TA14854-2500002-09\/trousse-de-toilette-teddy-prenom-brode-marron-TA14854-2500002-09-1.jpg\/fit?size=291x291&#038;auth=MjIwNzUzNzIxMg__\" alt=\"Trousse de toilette teddy pr\u00e9nom brod\u00e9 marron\" width=\"291\" height=\"291\" loading=\"lazy\" style=\"max-width:100%; height:auto;\"><\/picture><div class=\"product-info\"><p>Trousse de toilette teddy pr\u00e9nom brod\u00e9 marron<\/p><\/div><\/a><\/div>\n<div class=\"tdz-productgrid-block wp-block-column product-card\" data-sku=\"TA14849-2500002-09\"><a href=\"https:\/\/tadaaz.fr\/fr\/p\/TA14849-2500002-09\/couronne-d-anniversaire-age-et-prenom-brodes-ivoire-jollein\"><picture data-alt=\"Couronne d\u2019anniversaire \u00e2ge et pr\u00e9nom brod\u00e9s ivoire - Jollein\"><source media=\"(min-width: 960px)\" srcset=\"https:\/\/static.tadaaz.be\/api\/2\/img\/tadprod\/TA14849-2500002-09\/couronne-d-anniversaire-age-et-prenom-brodes-ivoire-jollein-TA14849-2500002-09-1.jpg\/fit?size=404x404&#038;auth=MjIwNzUzNzIxMg__\"><source media=\"(min-width: 600px) and (max-width: 959px)\" srcset=\"https:\/\/static.tadaaz.be\/api\/2\/img\/tadprod\/TA14849-2500002-09\/couronne-d-anniversaire-age-et-prenom-brodes-ivoire-jollein-TA14849-2500002-09-1.jpg\/fit?size=298x298&#038;auth=MjIwNzUzNzIxMg__\"><source media=\"(min-width: 0) and (max-width: 599px)\" srcset=\"https:\/\/static.tadaaz.be\/api\/2\/img\/tadprod\/TA14849-2500002-09\/couronne-d-anniversaire-age-et-prenom-brodes-ivoire-jollein-TA14849-2500002-09-1.jpg\/fit?size=291x291&#038;auth=MjIwNzUzNzIxMg__\"><img decoding=\"async\" src=\"https:\/\/static.tadaaz.be\/api\/2\/img\/tadprod\/TA14849-2500002-09\/couronne-d-anniversaire-age-et-prenom-brodes-ivoire-jollein-TA14849-2500002-09-1.jpg\/fit?size=291x291&#038;auth=MjIwNzUzNzIxMg__\" alt=\"Couronne d\u2019anniversaire \u00e2ge et pr\u00e9nom brod\u00e9s ivoire - Jollein\" width=\"291\" height=\"291\" loading=\"lazy\" style=\"max-width:100%; height:auto;\"><\/picture><div class=\"product-info\"><p>Couronne d\u2019anniversaire \u00e2ge et pr\u00e9nom brod\u00e9s ivoire - Jollein<\/p><\/div><\/a><\/div>\n<\/div>\n\n\n\n\n  <!-- wp:buttons -->\n  <div class=\"wp-block-buttons\">\n    <!-- wp:button {\"backgroundColor\":\"palette-color-1\",\"className\":\"is-style-fill\"} -->\n    <div class=\"wp-block-button is-style-fill\"><a class=\"wp-block-button__link has-background\" href=\"https:\/\/tadaaz.fr\/fr\/cadeau-personnalise\/broderie\">Toute la broderie<\/a><\/div>\n    <!-- \/wp:button -->\n  <\/div>\n  <!-- \/wp:buttons -->\n\n\n\n<h2 class=\"wp-block-heading\">Pourquoi la cape de bain est importante ?<\/h2>\n\n\n\n<p>Vous pensiez qu\u2019une<a href=\"\/fr\/cadeau-personnalise\/broderie\/serviette-de-bain\"> serviette de bain <\/a>pour b\u00e9b\u00e9 suffisait pour la sortie de bain ? Sachez que la cape de bain n\u2019a pas pour seule utilit\u00e9 d\u2019\u00eatre adorable. Elle sert \u00e0 envelopper votre enfant en entier gr\u00e2ce \u00e0 la capuche,<strong> \u00e0 le prot\u00e9ger du froid apr\u00e8s le bain et \u00e0 le rassurer<\/strong> lorsque vous le sortez de sa petite baignoire.<\/p>\n\n\n\n<p>De plus, avec une cape de bain attitr\u00e9e \u00e0 votre enfant, il n\u2019y a aucun risque de manque d\u2019hygi\u00e8ne. Il est<strong> d\u00e9conseill\u00e9 d\u2019utiliser ses propres linges de bain <\/strong>pour essuyer son enfant, au risque de transmettre des bact\u00e9ries.<\/p>\n\n\n\n<p>Sachez par ailleurs qu\u2019il est recommand\u00e9 d\u2019avoir des capes de bain jusqu\u2019aux trois ans de l\u2019enfant, apr\u00e8s quoi, il pourra se diriger vers des serviettes plus conventionnelles. Un peignoir pour b\u00e9b\u00e9 peut aussi \u00eatre envisag\u00e9.<\/p>\n\n\n\n<h2 class=\"wp-block-heading\">Comment choisir les capes de bain de votre enfant ?<\/h2>\n\n\n\n<p>Plusieurs crit\u00e8res vont vous aider \u00e0 choisir les futures capes de bain de vos enfants.<\/p>\n\n\n\n<h3 class=\"wp-block-heading\">La mati\u00e8re et la taille de la cape<\/h3>\n\n\n\n<p>Un crit\u00e8re extr\u00eamement important pour choisir vos sorties de bain, c\u2019est bien la mati\u00e8re. Il faut que ce soit doux, le coton \u00e9tant l\u2019id\u00e9al. Nous vous conseillons d\u2019<strong>opter pour un coton biologique<\/strong>, surtout pour votre nouveau-n\u00e9. Attention aux mati\u00e8res trop fines qui ne permettent pas de s\u00e9cher correctement et rapidement b\u00e9b\u00e9. Mais, attention aussi aux mati\u00e8res trop \u00e9paisses qui mettront longtemps \u00e0 s\u00e9cher et favorisent la prolif\u00e9ration de bact\u00e9ries.<\/p>\n\n\n\n<p>Quant \u00e0 la taille, les dimensions de la cape doivent \u00eatre plus grandes que votre enfant pour que vous puissiez <strong>l\u2019emmitoufler de la t\u00eate aux pieds<\/strong>.<\/p>\n\n\n\n<h3 class=\"wp-block-heading\">Le style de la cape<\/h3>\n\n\n\n<p>Ici, libre \u00e0 vous de choisir ce qui vous pla\u00eet. Plut\u00f4t color\u00e9s, \u00e0 motif ou uni ? Il est aussi possible d\u2019opter pour <strong>une cape de bain personnalis\u00e9e <\/strong>dans un set de bain ou un coffret pour b\u00e9b\u00e9, un cadeau que vous garderez pour toujours !<\/p>\n\n\n\n<p>Si votre enfant est un peu plus grand, proposez-lui de choisir lui-m\u00eame sa cape. Cela peut \u00eatre une excellente solution si vous avez affaire \u00e0 un r\u00e9calcitrant de la douche !<\/p>\n\n\n\n<h3 class=\"wp-block-heading\">L\u2019entretien de la cape<\/h3>\n\n\n\n<p>Choisissez<strong> des capes de bain qui se lavent facilement en machine<\/strong>, et qui, bien entendu, ne risquent pas de se d\u00e9t\u00e9riorer apr\u00e8s dix lavages. Certaines capes de bain se lavent \u00e0 la main, et ce n\u2019est vraiment pas pratique avec un enfant en bas \u00e2ge ou m\u00eame un petit b\u00e9b\u00e9.<\/p>\n","protected":false},"excerpt":{"rendered":"<p>Vous ignorez si vous avez besoin d\u2019une grande quantit\u00e9 de linge de bain pour vos enfants ? Dans cet article, nous vous expliquons :&nbsp; Entre les changes, les machines et les bains chaque semaine, il est assez difficile de mesurer le nombre de v\u00eatements et accessoires dont on peut avoir besoin pour son enfant. Pour [&hellip;]<\/p>\n","protected":false},"author":72,"featured_media":110854,"comment_status":"open","ping_status":"open","sticky":false,"template":"","format":"standard","meta":{"product_relevance":0,"footnotes":""},"categories":[67],"tags":[],"class_list":["post-110853","post","type-post","status-publish","format-standard","has-post-thumbnail","hentry","category-naissance"],"blocksy_meta":[],"yoast_head":"<!-- This site is optimized with the Yoast SEO plugin v26.7 - https:\/\/yoast.com\/wordpress\/plugins\/seo\/ -->\n<title>Cape de bain b\u00e9b\u00e9 : combien en faut-il vraiment pour votre enfant ? - Tadaaz Blog<\/title>\n<meta name=\"description\" content=\"On vous dit combien de cape de bain b\u00e9b\u00e9 pr\u00e9voir pour assurer douceur et praticit\u00e9 apr\u00e8s chaque bain de b\u00e9b\u00e9.\" \/>\n<meta name=\"robots\" content=\"index, follow, max-snippet:-1, max-image-preview:large, max-video-preview:-1\" \/>\n<link rel=\"canonical\" href=\"https:\/\/tadaaz.fr\/blog\/fr\/wp-json\/wp\/v2\/posts\/110853\" \/>\n<meta property=\"og:locale\" content=\"fr_FR\" \/>\n<meta property=\"og:type\" content=\"article\" \/>\n<meta property=\"og:title\" content=\"Cape de bain b\u00e9b\u00e9 : combien en faut-il vraiment pour votre enfant ? - Tadaaz Blog\" \/>\n<meta property=\"og:description\" content=\"On vous dit combien de cape de bain b\u00e9b\u00e9 pr\u00e9voir pour assurer douceur et praticit\u00e9 apr\u00e8s chaque bain de b\u00e9b\u00e9.\" \/>\n<meta property=\"og:url\" content=\"https:\/\/tadaaz.fr\/blog\/fr\/naissance\/cape-de-bain-bebe-combien-en-faut-il\/\" \/>\n<meta property=\"og:site_name\" content=\"Tadaaz Blog\" \/>\n<meta property=\"article:published_time\" content=\"2025-09-02T09:20:46+00:00\" \/>\n<meta property=\"article:modified_time\" content=\"2025-09-02T09:24:18+00:00\" \/>\n<meta property=\"og:image\" content=\"https:\/\/tadaaz.fr\/blog\/wp-content\/uploads\/2025\/09\/combien-de-cap-de-bain-bebe.png\" \/>\n\t<meta property=\"og:image:width\" content=\"1024\" \/>\n\t<meta property=\"og:image:height\" content=\"768\" \/>\n\t<meta property=\"og:image:type\" content=\"image\/png\" \/>\n<meta name=\"author\" content=\"Iris\" \/>\n<meta name=\"twitter:card\" content=\"summary_large_image\" \/>\n<meta name=\"twitter:label1\" content=\"\u00c9crit par\" \/>\n\t<meta name=\"twitter:data1\" content=\"Iris\" \/>\n\t<meta name=\"twitter:label2\" content=\"Dur\u00e9e de lecture estim\u00e9e\" \/>\n\t<meta name=\"twitter:data2\" content=\"5 minutes\" \/>\n<!-- \/ Yoast SEO plugin. -->","yoast_head_json":{"title":"Cape de bain b\u00e9b\u00e9 : combien en faut-il vraiment pour votre enfant ? - Tadaaz Blog","description":"On vous dit combien de cape de bain b\u00e9b\u00e9 pr\u00e9voir pour assurer douceur et praticit\u00e9 apr\u00e8s chaque bain de b\u00e9b\u00e9.","robots":{"index":"index","follow":"follow","max-snippet":"max-snippet:-1","max-image-preview":"max-image-preview:large","max-video-preview":"max-video-preview:-1"},"canonical":"https:\/\/tadaaz.fr\/blog\/fr\/wp-json\/wp\/v2\/posts\/110853","og_locale":"fr_FR","og_type":"article","og_title":"Cape de bain b\u00e9b\u00e9 : combien en faut-il vraiment pour votre enfant ? - Tadaaz Blog","og_description":"On vous dit combien de cape de bain b\u00e9b\u00e9 pr\u00e9voir pour assurer douceur et praticit\u00e9 apr\u00e8s chaque bain de b\u00e9b\u00e9.","og_url":"https:\/\/tadaaz.fr\/blog\/fr\/naissance\/cape-de-bain-bebe-combien-en-faut-il\/","og_site_name":"Tadaaz Blog","article_published_time":"2025-09-02T09:20:46+00:00","article_modified_time":"2025-09-02T09:24:18+00:00","og_image":[{"width":1024,"height":768,"url":"https:\/\/tadaaz.fr\/blog\/wp-content\/uploads\/2025\/09\/combien-de-cap-de-bain-bebe.png","type":"image\/png"}],"author":"Iris","twitter_card":"summary_large_image","twitter_misc":{"\u00c9crit par":"Iris","Dur\u00e9e de lecture estim\u00e9e":"5 minutes"},"schema":{"@context":"https:\/\/schema.org","@graph":[{"@type":"Article","@id":"https:\/\/tadaaz.fr\/blog\/fr\/naissance\/cape-de-bain-bebe-combien-en-faut-il\/#article","isPartOf":{"@id":"https:\/\/tadaaz.fr\/blog\/fr\/naissance\/cape-de-bain-bebe-combien-en-faut-il\/"},"author":{"name":"Iris","@id":"https:\/\/tadaaz.nl\/blog\/nl\/#\/schema\/person\/2f6659f670fbdd73a02a86a2f17cb6f4"},"headline":"Cape de bain b\u00e9b\u00e9 : combien en faut-il vraiment pour votre enfant ?","datePublished":"2025-09-02T09:20:46+00:00","dateModified":"2025-09-02T09:24:18+00:00","mainEntityOfPage":{"@id":"https:\/\/tadaaz.fr\/blog\/fr\/naissance\/cape-de-bain-bebe-combien-en-faut-il\/"},"wordCount":917,"commentCount":0,"publisher":{"@id":"https:\/\/tadaaz.nl\/blog\/nl\/#organization"},"image":{"@id":"https:\/\/tadaaz.fr\/blog\/fr\/naissance\/cape-de-bain-bebe-combien-en-faut-il\/#primaryimage"},"thumbnailUrl":"https:\/\/tadaaz.fr\/blog\/wp-content\/uploads\/2025\/09\/combien-de-cap-de-bain-bebe.png","articleSection":["Naissance"],"inLanguage":"fr-FR","potentialAction":[{"@type":"CommentAction","name":"Comment","target":["https:\/\/tadaaz.fr\/blog\/fr\/naissance\/cape-de-bain-bebe-combien-en-faut-il\/#respond"]}]},{"@type":"WebPage","@id":"https:\/\/tadaaz.fr\/blog\/fr\/naissance\/cape-de-bain-bebe-combien-en-faut-il\/","url":"https:\/\/tadaaz.fr\/blog\/fr\/naissance\/cape-de-bain-bebe-combien-en-faut-il\/","name":"Cape de bain b\u00e9b\u00e9 : combien en faut-il vraiment pour votre enfant ? - Tadaaz Blog","isPartOf":{"@id":"https:\/\/tadaaz.nl\/blog\/nl\/#website"},"primaryImageOfPage":{"@id":"https:\/\/tadaaz.fr\/blog\/fr\/naissance\/cape-de-bain-bebe-combien-en-faut-il\/#primaryimage"},"image":{"@id":"https:\/\/tadaaz.fr\/blog\/fr\/naissance\/cape-de-bain-bebe-combien-en-faut-il\/#primaryimage"},"thumbnailUrl":"https:\/\/tadaaz.fr\/blog\/wp-content\/uploads\/2025\/09\/combien-de-cap-de-bain-bebe.png","datePublished":"2025-09-02T09:20:46+00:00","dateModified":"2025-09-02T09:24:18+00:00","description":"On vous dit combien de cape de bain b\u00e9b\u00e9 pr\u00e9voir pour assurer douceur et praticit\u00e9 apr\u00e8s chaque bain de b\u00e9b\u00e9.","inLanguage":"fr-FR","potentialAction":[{"@type":"ReadAction","target":["https:\/\/tadaaz.fr\/blog\/fr\/naissance\/cape-de-bain-bebe-combien-en-faut-il\/"]}]},{"@type":"ImageObject","inLanguage":"fr-FR","@id":"https:\/\/tadaaz.fr\/blog\/fr\/naissance\/cape-de-bain-bebe-combien-en-faut-il\/#primaryimage","url":"https:\/\/tadaaz.fr\/blog\/wp-content\/uploads\/2025\/09\/combien-de-cap-de-bain-bebe.png","contentUrl":"https:\/\/tadaaz.fr\/blog\/wp-content\/uploads\/2025\/09\/combien-de-cap-de-bain-bebe.png","width":1024,"height":768,"caption":"combien de cape de bain bebe\u200b"},{"@type":"WebSite","@id":"https:\/\/tadaaz.nl\/blog\/nl\/#website","url":"https:\/\/tadaaz.nl\/blog\/nl\/","name":"Tadaaz Blog","description":"","publisher":{"@id":"https:\/\/tadaaz.nl\/blog\/nl\/#organization"},"potentialAction":[{"@type":"SearchAction","target":{"@type":"EntryPoint","urlTemplate":"https:\/\/tadaaz.nl\/blog\/nl\/?s={search_term_string}"},"query-input":{"@type":"PropertyValueSpecification","valueRequired":true,"valueName":"search_term_string"}}],"inLanguage":"fr-FR"},{"@type":"Organization","@id":"https:\/\/tadaaz.nl\/blog\/nl\/#organization","name":"Tadaaz Blog","url":"https:\/\/tadaaz.nl\/blog\/nl\/","logo":{"@type":"ImageObject","inLanguage":"fr-FR","@id":"https:\/\/tadaaz.nl\/blog\/nl\/#\/schema\/logo\/image\/","url":"https:\/\/tadaaz.fr\/blog\/wp-content\/uploads\/2023\/02\/TADAAZ_LOGO_RGB_BLOG.svg","contentUrl":"https:\/\/tadaaz.fr\/blog\/wp-content\/uploads\/2023\/02\/TADAAZ_LOGO_RGB_BLOG.svg","caption":"Tadaaz Blog"},"image":{"@id":"https:\/\/tadaaz.nl\/blog\/nl\/#\/schema\/logo\/image\/"}},{"@type":"Person","@id":"https:\/\/tadaaz.nl\/blog\/nl\/#\/schema\/person\/2f6659f670fbdd73a02a86a2f17cb6f4","name":"Iris","image":{"@type":"ImageObject","inLanguage":"fr-FR","@id":"https:\/\/tadaaz.nl\/blog\/nl\/#\/schema\/person\/image\/","url":"https:\/\/secure.gravatar.com\/avatar\/c25203fdebe3c5ec25528d8c6db7cb5719890cf99946a387f0dbbd6147bc174e?s=96&d=mm&r=g","contentUrl":"https:\/\/secure.gravatar.com\/avatar\/c25203fdebe3c5ec25528d8c6db7cb5719890cf99946a387f0dbbd6147bc174e?s=96&d=mm&r=g","caption":"Iris"},"description":"Je suis passionn\u00e9e par les moments marquants de la vie, j\u2019aime faire du sport, voyager, prendre soin de moi, voir mes amis, et surtout, organiser des \u00e9v\u00e9nements ! C\u2019est ce m\u00e9lange d\u2019\u00e9nergie et de passion qui me pousse \u00e0 partager avec vous des astuces et conseils pour faire de vos c\u00e9r\u00e9monies un v\u00e9ritable succ\u00e8s ! Que ce soit pour un mariage, un bapt\u00eame ou une f\u00eate d\u2019anniversaire, je vous accompagne avec des id\u00e9es cr\u00e9atives pour sublimer ces instants magiques.","sameAs":["https:\/\/fr.linkedin.com\/in\/iris-capon-949b2119a"],"url":"https:\/\/tadaaz.fr\/blog\/fr\/author\/iristadaaz-fr\/"}]}},"_links":{"self":[{"href":"https:\/\/tadaaz.fr\/blog\/fr\/wp-json\/wp\/v2\/posts\/110853","targetHints":{"allow":["GET"]}}],"collection":[{"href":"https:\/\/tadaaz.fr\/blog\/fr\/wp-json\/wp\/v2\/posts"}],"about":[{"href":"https:\/\/tadaaz.fr\/blog\/fr\/wp-json\/wp\/v2\/types\/post"}],"author":[{"embeddable":true,"href":"https:\/\/tadaaz.fr\/blog\/fr\/wp-json\/wp\/v2\/users\/72"}],"replies":[{"embeddable":true,"href":"https:\/\/tadaaz.fr\/blog\/fr\/wp-json\/wp\/v2\/comments?post=110853"}],"version-history":[{"count":1,"href":"https:\/\/tadaaz.fr\/blog\/fr\/wp-json\/wp\/v2\/posts\/110853\/revisions"}],"predecessor-version":[{"id":110862,"href":"https:\/\/tadaaz.fr\/blog\/fr\/wp-json\/wp\/v2\/posts\/110853\/revisions\/110862"}],"wp:featuredmedia":[{"embeddable":true,"href":"https:\/\/tadaaz.fr\/blog\/fr\/wp-json\/wp\/v2\/media\/110854"}],"wp:attachment":[{"href":"https:\/\/tadaaz.fr\/blog\/fr\/wp-json\/wp\/v2\/media?parent=110853"}],"wp:term":[{"taxonomy":"category","embeddable":true,"href":"https:\/\/tadaaz.fr\/blog\/fr\/wp-json\/wp\/v2\/categories?post=110853"},{"taxonomy":"post_tag","embeddable":true,"href":"https:\/\/tadaaz.fr\/blog\/fr\/wp-json\/wp\/v2\/tags?post=110853"}],"curies":[{"name":"wp","href":"https:\/\/api.w.org\/{rel}","templated":true}]}}