{"id":110896,"date":"2025-09-02T16:10:42","date_gmt":"2025-09-02T14:10:42","guid":{"rendered":"https:\/\/tadaaz.fr\/blog\/?p=110896"},"modified":"2025-09-02T16:10:47","modified_gmt":"2025-09-02T14:10:47","slug":"quoi-acheter-pour-la-rentree-en-maternelle-guide","status":"publish","type":"post","link":"https:\/\/tadaaz.fr\/blog\/fr\/naissance\/quoi-acheter-pour-la-rentree-en-maternelle-guide\/","title":{"rendered":"Quoi acheter pour la rentr\u00e9e en maternelle ? Notre guide complet !"},"content":{"rendered":"\n<p>Votre <a href=\"\/fr\/naissance\">petit bout de chou<\/a> int\u00e8gre bient\u00f4t l\u2019\u00e9cole maternelle ? Nous vous proposons un guide pour pr\u00e9parer la rentr\u00e9e :\u00a0<\/p>\n\n\n\n<ul class=\"wp-block-list\">\n<li>en petite section : avec le sac \u00e0 dos \u00e0 pr\u00e9voir et les affaires indispensables ;<\/li>\n\n\n\n<li>en grande section : les <a href=\"\/fr\/cadeau-personnalise\/fournitures-rentree-scolaire\">fournitures scolaires <\/a>et autres affaires personnelles ;<\/li>\n\n\n\n<li>pr\u00e9parer psychologique votre enfant \u00e0 ce lieu inconnu.<\/li>\n<\/ul>\n\n\n\n<figure class=\"wp-block-image size-full\"><a href=\"https:\/\/tadaaz.fr\/blog\/wp-content\/uploads\/2025\/09\/quoi-acheter-pour-la-rentree-en-maternelle.png\"><img loading=\"lazy\" decoding=\"async\" width=\"1024\" height=\"768\" src=\"https:\/\/tadaaz.fr\/blog\/wp-content\/uploads\/2025\/09\/quoi-acheter-pour-la-rentree-en-maternelle.png\" alt=\"quoi acheter pour la rentr\u00e9e en maternelle\" class=\"wp-image-110897\" srcset=\"https:\/\/tadaaz.fr\/blog\/wp-content\/uploads\/2025\/09\/quoi-acheter-pour-la-rentree-en-maternelle.png 1024w, https:\/\/tadaaz.fr\/blog\/wp-content\/uploads\/2025\/09\/quoi-acheter-pour-la-rentree-en-maternelle-300x225.png 300w, https:\/\/tadaaz.fr\/blog\/wp-content\/uploads\/2025\/09\/quoi-acheter-pour-la-rentree-en-maternelle-768x576.png 768w, https:\/\/tadaaz.fr\/blog\/wp-content\/uploads\/2025\/09\/quoi-acheter-pour-la-rentree-en-maternelle-100x75.png 100w\" sizes=\"auto, (max-width: 1024px) 100vw, 1024px\" \/><\/a><\/figure>\n\n\n\n<p>La premi\u00e8re rentr\u00e9e des classes repr\u00e9sente souvent une angoisse pour les parents. Vous devez vous montrer organis\u00e9 et surtout pas angoiss\u00e9 pour <strong>faciliter cette \u00e9tape<\/strong>. Lisez la suite pour d\u00e9couvrir un guide complet des <a href=\"\/fr\/cadeau-personnalise\/fournitures-rentree-scolaire\">affaires \u00e0 acheter<\/a> pour la rentr\u00e9e des classes de votre bout de chou.<\/p>\n\n\n\n<h2 class=\"wp-block-heading\">Pr\u00e9parer la premi\u00e8re rentr\u00e9e en maternelle de votre enfant<\/h2>\n\n\n\n<p>Le jour J. approche et votre enfant va bient\u00f4t vivre \u201cmon premier jour en ps\u201d. La petite section accueille les tous petits \u00e0 partir de 2 ans et int\u00e8gre votre enfant petit \u00e0 petit au milieu scolaire. Quelles sont<strong> les affaires \u00e0 acheter pour sa premi\u00e8re ann\u00e9e <\/strong>en \u00e9cole maternelle\u202f?<\/p>\n\n\n\n<h3 class=\"wp-block-heading\">Trouver un petit sac \u00e0 dos pour votre enfant<\/h3>\n\n\n\n<p>Il faut choisir un petit sac avec votre fils ou votre fille. <strong>Un sac mignon<\/strong> qui lui pla\u00eet est une bonne id\u00e9e pour motiver et rassurer un petit. Des sacs animaux ou avec leurs h\u00e9ros pr\u00e9f\u00e9r\u00e9s sont tr\u00e8s appr\u00e9ci\u00e9s.&nbsp;<\/p>\n\n\n\n<p>Lorsque le sac parfait sera choisi, il ne faudra pas oublier d\u2019ajouter <strong>une \u00e9tiquette \u00e0 l\u2019int\u00e9rieur du sac <\/strong>avec le nom et le pr\u00e9nom de votre enfant pour \u00e9viter de le perdre. Vous pouvez aussi simplement<a href=\"\/fr\/cadeau-personnalise\/broderie\/sac-a-dos\"> personnaliser le sac \u00e0 dos<\/a> !<\/p>\n\n\n\n<figure class=\"wp-block-image size-full\"><a href=\"\/fr\/cadeau-personnalise\/broderie\/sac-a-dos\"><img loading=\"lazy\" decoding=\"async\" width=\"1024\" height=\"768\" src=\"https:\/\/tadaaz.fr\/blog\/wp-content\/uploads\/2025\/09\/liste-fourniture-creche.png\" alt=\"liste fourniture cr\u00e8che\" class=\"wp-image-110872\" srcset=\"https:\/\/tadaaz.fr\/blog\/wp-content\/uploads\/2025\/09\/liste-fourniture-creche.png 1024w, https:\/\/tadaaz.fr\/blog\/wp-content\/uploads\/2025\/09\/liste-fourniture-creche-300x225.png 300w, https:\/\/tadaaz.fr\/blog\/wp-content\/uploads\/2025\/09\/liste-fourniture-creche-768x576.png 768w, https:\/\/tadaaz.fr\/blog\/wp-content\/uploads\/2025\/09\/liste-fourniture-creche-100x75.png 100w\" sizes=\"auto, (max-width: 1024px) 100vw, 1024px\" \/><\/a><\/figure>\n\n\n\n<h3 class=\"wp-block-heading\">Quelles affaires mettre dans ce sac \u00e0 dos ?<\/h3>\n\n\n\n<p>Pour organiser le <strong>sac de change<\/strong> maternelle en premi\u00e8re section, il faut pr\u00e9voir :&nbsp;<\/p>\n\n\n\n<ul class=\"wp-block-list\">\n<li>une tenue de rechange ;<\/li>\n\n\n\n<li>le <a href=\"\/fr\/cadeau-personnalise\/broderie\/doudou-attache-tetine\">doudou <\/a>;<\/li>\n\n\n\n<li>un biberon ou un gobelet ;<\/li>\n\n\n\n<li>un <a href=\"\/fr\/cadeau-personnalise\/broderie\/bavoir\">bavoir <\/a>;<\/li>\n\n\n\n<li>des mouchoirs ;<\/li>\n\n\n\n<li>des lingettes ;<\/li>\n\n\n\n<li>des couches si votre enfant en porte et une cr\u00e8me de change.<\/li>\n<\/ul>\n\n\n<div class=\"tdz-productgrid\" data-id=\"689\" style=\"--tdz-grid-cols: 3;\"><div class=\"tdz-productgrid-block wp-block-column product-card\" data-sku=\"TA14847-2500001-09\"><a href=\"https:\/\/tadaaz.fr\/fr\/p\/TA14847-2500001-09\/cape-de-bain-prenom-brode-nougat-jollein\"><picture data-alt=\"Cape de bain pr\u00e9nom brod\u00e9 nougat - Jollein\"><source media=\"(min-width: 960px)\" srcset=\"https:\/\/static.tadaaz.be\/api\/2\/img\/tadprod\/TA14847-2500001-09\/cape-de-bain-prenom-brode-nougat-jollein-TA14847-2500001-09-1.jpg\/fit?size=404x404&#038;auth=MjIwNzUzNzIxMg__\"><source media=\"(min-width: 600px) and (max-width: 959px)\" srcset=\"https:\/\/static.tadaaz.be\/api\/2\/img\/tadprod\/TA14847-2500001-09\/cape-de-bain-prenom-brode-nougat-jollein-TA14847-2500001-09-1.jpg\/fit?size=298x298&#038;auth=MjIwNzUzNzIxMg__\"><source media=\"(min-width: 0) and (max-width: 599px)\" srcset=\"https:\/\/static.tadaaz.be\/api\/2\/img\/tadprod\/TA14847-2500001-09\/cape-de-bain-prenom-brode-nougat-jollein-TA14847-2500001-09-1.jpg\/fit?size=291x291&#038;auth=MjIwNzUzNzIxMg__\"><img decoding=\"async\" src=\"https:\/\/static.tadaaz.be\/api\/2\/img\/tadprod\/TA14847-2500001-09\/cape-de-bain-prenom-brode-nougat-jollein-TA14847-2500001-09-1.jpg\/fit?size=291x291&#038;auth=MjIwNzUzNzIxMg__\" alt=\"Cape de bain pr\u00e9nom brod\u00e9 nougat - Jollein\" width=\"291\" height=\"291\" loading=\"lazy\" style=\"max-width:100%; height:auto;\"><\/picture><div class=\"product-info\"><p>Cape de bain pr\u00e9nom brod\u00e9 nougat - Jollein<\/p><\/div><\/a><\/div>\n<div class=\"tdz-productgrid-block wp-block-column product-card\" data-sku=\"TA14860-2500001-09\"><a href=\"https:\/\/tadaaz.fr\/fr\/p\/TA14860-2500001-09\/peignoir-pour-enfant-beige-prenom-et-coeur-brodes\"><picture data-alt=\"Peignoir pour enfant beige pr\u00e9nom et coeur brod\u00e9s\"><source media=\"(min-width: 960px)\" srcset=\"https:\/\/static.tadaaz.be\/api\/2\/img\/tadprod\/TA14860-2500001-09\/TA14860-2500001-09-1.jpg\/fit?size=404x404&#038;auth=MjIwNzUzNzIxMg__\"><source media=\"(min-width: 600px) and (max-width: 959px)\" srcset=\"https:\/\/static.tadaaz.be\/api\/2\/img\/tadprod\/TA14860-2500001-09\/TA14860-2500001-09-1.jpg\/fit?size=298x298&#038;auth=MjIwNzUzNzIxMg__\"><source media=\"(min-width: 0) and (max-width: 599px)\" srcset=\"https:\/\/static.tadaaz.be\/api\/2\/img\/tadprod\/TA14860-2500001-09\/TA14860-2500001-09-1.jpg\/fit?size=291x291&#038;auth=MjIwNzUzNzIxMg__\"><img decoding=\"async\" src=\"https:\/\/static.tadaaz.be\/api\/2\/img\/tadprod\/TA14860-2500001-09\/TA14860-2500001-09-1.jpg\/fit?size=291x291&#038;auth=MjIwNzUzNzIxMg__\" alt=\"Peignoir pour enfant beige pr\u00e9nom et coeur brod\u00e9s\" width=\"291\" height=\"291\" loading=\"lazy\" style=\"max-width:100%; height:auto;\"><\/picture><div class=\"product-info\"><p>Peignoir pour enfant beige pr\u00e9nom et coeur brod\u00e9s<\/p><\/div><\/a><\/div>\n<div class=\"tdz-productgrid-block wp-block-column product-card\" data-sku=\"TA14848-2600001-09\"><a href=\"https:\/\/tadaaz.fr\/fr\/p\/TA14848-2600001-09\/doudou-attache-tetine-ecru-et-son-prenom-brode-jollein\"><picture data-alt=\"Doudou attache-t\u00e9tine \u00e9cru et son pr\u00e9nom brod\u00e9 - Jollein\"><source media=\"(min-width: 960px)\" srcset=\"https:\/\/static.tadaaz.be\/api\/2\/img\/tadprod\/TA14848-2600001-09\/TA14848-2600001-09-1.jpg\/fit?size=404x404&#038;auth=MjIwNzUzNzIxMg__\"><source media=\"(min-width: 600px) and (max-width: 959px)\" srcset=\"https:\/\/static.tadaaz.be\/api\/2\/img\/tadprod\/TA14848-2600001-09\/TA14848-2600001-09-1.jpg\/fit?size=298x298&#038;auth=MjIwNzUzNzIxMg__\"><source media=\"(min-width: 0) and (max-width: 599px)\" srcset=\"https:\/\/static.tadaaz.be\/api\/2\/img\/tadprod\/TA14848-2600001-09\/TA14848-2600001-09-1.jpg\/fit?size=291x291&#038;auth=MjIwNzUzNzIxMg__\"><img decoding=\"async\" src=\"https:\/\/static.tadaaz.be\/api\/2\/img\/tadprod\/TA14848-2600001-09\/TA14848-2600001-09-1.jpg\/fit?size=291x291&#038;auth=MjIwNzUzNzIxMg__\" alt=\"Doudou attache-t\u00e9tine \u00e9cru et son pr\u00e9nom brod\u00e9 - Jollein\" width=\"291\" height=\"291\" loading=\"lazy\" style=\"max-width:100%; height:auto;\"><\/picture><div class=\"product-info\"><p>Doudou attache-t\u00e9tine \u00e9cru et son pr\u00e9nom brod\u00e9 - Jollein<\/p><\/div><\/a><\/div>\n<div class=\"tdz-productgrid-block wp-block-column product-card\" data-sku=\"TA14846-2500003-09\"><a href=\"https:\/\/tadaaz.fr\/fr\/p\/TA14846-2500003-09\/couverture-bebe-prenom-brode-rose-sauvage-jollein\"><picture data-alt=\"Couverture b\u00e9b\u00e9 pr\u00e9nom brod\u00e9 rose sauvage - Jollein\"><source media=\"(min-width: 960px)\" srcset=\"https:\/\/static.tadaaz.be\/api\/2\/img\/tadprod\/TA14846-2500003-09\/couverture-bebe-prenom-brode-rose-sauvage-jollein-TA14846-2500003-09-1.jpg\/fit?size=404x404&#038;auth=MjIwNzUzNzIxMg__\"><source media=\"(min-width: 600px) and (max-width: 959px)\" srcset=\"https:\/\/static.tadaaz.be\/api\/2\/img\/tadprod\/TA14846-2500003-09\/couverture-bebe-prenom-brode-rose-sauvage-jollein-TA14846-2500003-09-1.jpg\/fit?size=298x298&#038;auth=MjIwNzUzNzIxMg__\"><source media=\"(min-width: 0) and (max-width: 599px)\" srcset=\"https:\/\/static.tadaaz.be\/api\/2\/img\/tadprod\/TA14846-2500003-09\/couverture-bebe-prenom-brode-rose-sauvage-jollein-TA14846-2500003-09-1.jpg\/fit?size=291x291&#038;auth=MjIwNzUzNzIxMg__\"><img decoding=\"async\" src=\"https:\/\/static.tadaaz.be\/api\/2\/img\/tadprod\/TA14846-2500003-09\/couverture-bebe-prenom-brode-rose-sauvage-jollein-TA14846-2500003-09-1.jpg\/fit?size=291x291&#038;auth=MjIwNzUzNzIxMg__\" alt=\"Couverture b\u00e9b\u00e9 pr\u00e9nom brod\u00e9 rose sauvage - Jollein\" width=\"291\" height=\"291\" loading=\"lazy\" style=\"max-width:100%; height:auto;\"><\/picture><div class=\"product-info\"><p>Couverture b\u00e9b\u00e9 pr\u00e9nom brod\u00e9 rose sauvage - Jollein<\/p><\/div><\/a><\/div>\n<div class=\"tdz-productgrid-block wp-block-column product-card\" data-sku=\"TA14854-2500002-09\"><a href=\"https:\/\/tadaaz.fr\/fr\/p\/TA14854-2500002-09\/trousse-de-toilette-teddy-prenom-brode-marron\"><picture data-alt=\"Trousse de toilette teddy pr\u00e9nom brod\u00e9 marron\"><source media=\"(min-width: 960px)\" srcset=\"https:\/\/static.tadaaz.be\/api\/2\/img\/tadprod\/TA14854-2500002-09\/trousse-de-toilette-teddy-prenom-brode-marron-TA14854-2500002-09-1.jpg\/fit?size=404x404&#038;auth=MjIwNzUzNzIxMg__\"><source media=\"(min-width: 600px) and (max-width: 959px)\" srcset=\"https:\/\/static.tadaaz.be\/api\/2\/img\/tadprod\/TA14854-2500002-09\/trousse-de-toilette-teddy-prenom-brode-marron-TA14854-2500002-09-1.jpg\/fit?size=298x298&#038;auth=MjIwNzUzNzIxMg__\"><source media=\"(min-width: 0) and (max-width: 599px)\" srcset=\"https:\/\/static.tadaaz.be\/api\/2\/img\/tadprod\/TA14854-2500002-09\/trousse-de-toilette-teddy-prenom-brode-marron-TA14854-2500002-09-1.jpg\/fit?size=291x291&#038;auth=MjIwNzUzNzIxMg__\"><img decoding=\"async\" src=\"https:\/\/static.tadaaz.be\/api\/2\/img\/tadprod\/TA14854-2500002-09\/trousse-de-toilette-teddy-prenom-brode-marron-TA14854-2500002-09-1.jpg\/fit?size=291x291&#038;auth=MjIwNzUzNzIxMg__\" alt=\"Trousse de toilette teddy pr\u00e9nom brod\u00e9 marron\" width=\"291\" height=\"291\" loading=\"lazy\" style=\"max-width:100%; height:auto;\"><\/picture><div class=\"product-info\"><p>Trousse de toilette teddy pr\u00e9nom brod\u00e9 marron<\/p><\/div><\/a><\/div>\n<div class=\"tdz-productgrid-block wp-block-column product-card\" data-sku=\"TA14848-2500001-09\"><a href=\"https:\/\/tadaaz.fr\/fr\/p\/TA14848-2500001-09\/doudou-attache-tetine-prenom-brode-colore-jollein\"><picture data-alt=\"Doudou attache-t\u00e9tine pr\u00e9nom brod\u00e9 color\u00e9 - Jollein\"><source media=\"(min-width: 960px)\" srcset=\"https:\/\/static.tadaaz.be\/api\/2\/img\/tadprod\/TA14848-2500001-09\/doudou-attache-tetine-prenom-brode-colore-jollein-TA14848-2500001-09-1.jpg\/fit?size=404x404&#038;auth=MjIwNzUzNzIxMg__\"><source media=\"(min-width: 600px) and (max-width: 959px)\" srcset=\"https:\/\/static.tadaaz.be\/api\/2\/img\/tadprod\/TA14848-2500001-09\/doudou-attache-tetine-prenom-brode-colore-jollein-TA14848-2500001-09-1.jpg\/fit?size=298x298&#038;auth=MjIwNzUzNzIxMg__\"><source media=\"(min-width: 0) and (max-width: 599px)\" srcset=\"https:\/\/static.tadaaz.be\/api\/2\/img\/tadprod\/TA14848-2500001-09\/doudou-attache-tetine-prenom-brode-colore-jollein-TA14848-2500001-09-1.jpg\/fit?size=291x291&#038;auth=MjIwNzUzNzIxMg__\"><img decoding=\"async\" src=\"https:\/\/static.tadaaz.be\/api\/2\/img\/tadprod\/TA14848-2500001-09\/doudou-attache-tetine-prenom-brode-colore-jollein-TA14848-2500001-09-1.jpg\/fit?size=291x291&#038;auth=MjIwNzUzNzIxMg__\" alt=\"Doudou attache-t\u00e9tine pr\u00e9nom brod\u00e9 color\u00e9 - Jollein\" width=\"291\" height=\"291\" loading=\"lazy\" style=\"max-width:100%; height:auto;\"><\/picture><div class=\"product-info\"><p>Doudou attache-t\u00e9tine pr\u00e9nom brod\u00e9 color\u00e9 - Jollein<\/p><\/div><\/a><\/div>\n<div class=\"tdz-productgrid-block wp-block-column product-card\" data-sku=\"TA14849-2500002-09\"><a href=\"https:\/\/tadaaz.fr\/fr\/p\/TA14849-2500002-09\/couronne-d-anniversaire-age-et-prenom-brodes-ivoire-jollein\"><picture data-alt=\"Couronne d\u2019anniversaire \u00e2ge et pr\u00e9nom brod\u00e9s ivoire - Jollein\"><source media=\"(min-width: 960px)\" srcset=\"https:\/\/static.tadaaz.be\/api\/2\/img\/tadprod\/TA14849-2500002-09\/couronne-d-anniversaire-age-et-prenom-brodes-ivoire-jollein-TA14849-2500002-09-1.jpg\/fit?size=404x404&#038;auth=MjIwNzUzNzIxMg__\"><source media=\"(min-width: 600px) and (max-width: 959px)\" srcset=\"https:\/\/static.tadaaz.be\/api\/2\/img\/tadprod\/TA14849-2500002-09\/couronne-d-anniversaire-age-et-prenom-brodes-ivoire-jollein-TA14849-2500002-09-1.jpg\/fit?size=298x298&#038;auth=MjIwNzUzNzIxMg__\"><source media=\"(min-width: 0) and (max-width: 599px)\" srcset=\"https:\/\/static.tadaaz.be\/api\/2\/img\/tadprod\/TA14849-2500002-09\/couronne-d-anniversaire-age-et-prenom-brodes-ivoire-jollein-TA14849-2500002-09-1.jpg\/fit?size=291x291&#038;auth=MjIwNzUzNzIxMg__\"><img decoding=\"async\" src=\"https:\/\/static.tadaaz.be\/api\/2\/img\/tadprod\/TA14849-2500002-09\/couronne-d-anniversaire-age-et-prenom-brodes-ivoire-jollein-TA14849-2500002-09-1.jpg\/fit?size=291x291&#038;auth=MjIwNzUzNzIxMg__\" alt=\"Couronne d\u2019anniversaire \u00e2ge et pr\u00e9nom brod\u00e9s ivoire - Jollein\" width=\"291\" height=\"291\" loading=\"lazy\" style=\"max-width:100%; height:auto;\"><\/picture><div class=\"product-info\"><p>Couronne d\u2019anniversaire \u00e2ge et pr\u00e9nom brod\u00e9s ivoire - Jollein<\/p><\/div><\/a><\/div>\n<div class=\"tdz-productgrid-block wp-block-column product-card\" data-sku=\"TA14846-2500001-09\"><a href=\"https:\/\/tadaaz.fr\/fr\/p\/TA14846-2500001-09\/couverture-bebe-prenom-brode-nougat-jollein\"><picture data-alt=\"Couverture b\u00e9b\u00e9 pr\u00e9nom brod\u00e9 nougat - Jollein\"><source media=\"(min-width: 960px)\" srcset=\"https:\/\/static.tadaaz.be\/api\/2\/img\/tadprod\/TA14846-2500001-09\/couverture-bebe-prenom-brode-nougat-jollein-TA14846-2500001-09-1.jpg\/fit?size=404x404&#038;auth=MjIwNzUzNzIxMg__\"><source media=\"(min-width: 600px) and (max-width: 959px)\" srcset=\"https:\/\/static.tadaaz.be\/api\/2\/img\/tadprod\/TA14846-2500001-09\/couverture-bebe-prenom-brode-nougat-jollein-TA14846-2500001-09-1.jpg\/fit?size=298x298&#038;auth=MjIwNzUzNzIxMg__\"><source media=\"(min-width: 0) and (max-width: 599px)\" srcset=\"https:\/\/static.tadaaz.be\/api\/2\/img\/tadprod\/TA14846-2500001-09\/couverture-bebe-prenom-brode-nougat-jollein-TA14846-2500001-09-1.jpg\/fit?size=291x291&#038;auth=MjIwNzUzNzIxMg__\"><img decoding=\"async\" src=\"https:\/\/static.tadaaz.be\/api\/2\/img\/tadprod\/TA14846-2500001-09\/couverture-bebe-prenom-brode-nougat-jollein-TA14846-2500001-09-1.jpg\/fit?size=291x291&#038;auth=MjIwNzUzNzIxMg__\" alt=\"Couverture b\u00e9b\u00e9 pr\u00e9nom brod\u00e9 nougat - Jollein\" width=\"291\" height=\"291\" loading=\"lazy\" style=\"max-width:100%; height:auto;\"><\/picture><div class=\"product-info\"><p>Couverture b\u00e9b\u00e9 pr\u00e9nom brod\u00e9 nougat - Jollein<\/p><\/div><\/a><\/div>\n<div class=\"tdz-productgrid-block wp-block-column product-card\" data-sku=\"TA14847-2500003-09\"><a href=\"https:\/\/tadaaz.fr\/fr\/p\/TA14847-2500003-09\/cape-de-bain-prenom-brode-rose-sauvage-jollein\"><picture data-alt=\"Cape de bain pr\u00e9nom brod\u00e9 rose sauvage - Jollein\"><source media=\"(min-width: 960px)\" srcset=\"https:\/\/static.tadaaz.be\/api\/2\/img\/tadprod\/TA14847-2500003-09\/cape-de-bain-prenom-brode-rose-sauvage-jollein-TA14847-2500003-09-1.jpg\/fit?size=404x404&#038;auth=MjIwNzUzNzIxMg__\"><source media=\"(min-width: 600px) and (max-width: 959px)\" srcset=\"https:\/\/static.tadaaz.be\/api\/2\/img\/tadprod\/TA14847-2500003-09\/cape-de-bain-prenom-brode-rose-sauvage-jollein-TA14847-2500003-09-1.jpg\/fit?size=298x298&#038;auth=MjIwNzUzNzIxMg__\"><source media=\"(min-width: 0) and (max-width: 599px)\" srcset=\"https:\/\/static.tadaaz.be\/api\/2\/img\/tadprod\/TA14847-2500003-09\/cape-de-bain-prenom-brode-rose-sauvage-jollein-TA14847-2500003-09-1.jpg\/fit?size=291x291&#038;auth=MjIwNzUzNzIxMg__\"><img decoding=\"async\" src=\"https:\/\/static.tadaaz.be\/api\/2\/img\/tadprod\/TA14847-2500003-09\/cape-de-bain-prenom-brode-rose-sauvage-jollein-TA14847-2500003-09-1.jpg\/fit?size=291x291&#038;auth=MjIwNzUzNzIxMg__\" alt=\"Cape de bain pr\u00e9nom brod\u00e9 rose sauvage - Jollein\" width=\"291\" height=\"291\" loading=\"lazy\" style=\"max-width:100%; height:auto;\"><\/picture><div class=\"product-info\"><p>Cape de bain pr\u00e9nom brod\u00e9 rose sauvage - Jollein<\/p><\/div><\/a><\/div>\n<div class=\"tdz-productgrid-block wp-block-column product-card\" data-sku=\"TA14846-2600001-09\"><a href=\"https:\/\/tadaaz.fr\/fr\/p\/TA14846-2600001-09\/couverture-bebe-prenom-brode-beige-jollein\"><picture data-alt=\"Couverture b\u00e9b\u00e9 pr\u00e9nom brod\u00e9 beige - Jollein\"><source media=\"(min-width: 960px)\" srcset=\"https:\/\/static.tadaaz.be\/api\/2\/img\/tadprod\/TA14846-2600001-09\/TA14846-2600001-09-1.jpg\/fit?size=404x404&#038;auth=MjIwNzUzNzIxMg__\"><source media=\"(min-width: 600px) and (max-width: 959px)\" srcset=\"https:\/\/static.tadaaz.be\/api\/2\/img\/tadprod\/TA14846-2600001-09\/TA14846-2600001-09-1.jpg\/fit?size=298x298&#038;auth=MjIwNzUzNzIxMg__\"><source media=\"(min-width: 0) and (max-width: 599px)\" srcset=\"https:\/\/static.tadaaz.be\/api\/2\/img\/tadprod\/TA14846-2600001-09\/TA14846-2600001-09-1.jpg\/fit?size=291x291&#038;auth=MjIwNzUzNzIxMg__\"><img decoding=\"async\" src=\"https:\/\/static.tadaaz.be\/api\/2\/img\/tadprod\/TA14846-2600001-09\/TA14846-2600001-09-1.jpg\/fit?size=291x291&#038;auth=MjIwNzUzNzIxMg__\" alt=\"Couverture b\u00e9b\u00e9 pr\u00e9nom brod\u00e9 beige - Jollein\" width=\"291\" height=\"291\" loading=\"lazy\" style=\"max-width:100%; height:auto;\"><\/picture><div class=\"product-info\"><p>Couverture b\u00e9b\u00e9 pr\u00e9nom brod\u00e9 beige - Jollein<\/p><\/div><\/a><\/div>\n<div class=\"tdz-productgrid-block wp-block-column product-card\" data-sku=\"TA14862-2500001-09\"><a href=\"https:\/\/tadaaz.fr\/fr\/p\/TA14862-2500001-09\/couverture-de-carnet-de-sante-enfant-brodee\"><picture data-alt=\"Couverture de carnet de sant\u00e9 enfant brod\u00e9e\"><source media=\"(min-width: 960px)\" srcset=\"https:\/\/static.tadaaz.be\/api\/2\/img\/tadprod\/TA14862-2500001-09\/TA14862-2500001-09-1.jpg\/fit?size=404x404&#038;auth=MjIwNzUzNzIxMg__\"><source media=\"(min-width: 600px) and (max-width: 959px)\" srcset=\"https:\/\/static.tadaaz.be\/api\/2\/img\/tadprod\/TA14862-2500001-09\/TA14862-2500001-09-1.jpg\/fit?size=298x298&#038;auth=MjIwNzUzNzIxMg__\"><source media=\"(min-width: 0) and (max-width: 599px)\" srcset=\"https:\/\/static.tadaaz.be\/api\/2\/img\/tadprod\/TA14862-2500001-09\/TA14862-2500001-09-1.jpg\/fit?size=291x291&#038;auth=MjIwNzUzNzIxMg__\"><img decoding=\"async\" src=\"https:\/\/static.tadaaz.be\/api\/2\/img\/tadprod\/TA14862-2500001-09\/TA14862-2500001-09-1.jpg\/fit?size=291x291&#038;auth=MjIwNzUzNzIxMg__\" alt=\"Couverture de carnet de sant\u00e9 enfant brod\u00e9e\" width=\"291\" height=\"291\" loading=\"lazy\" style=\"max-width:100%; height:auto;\"><\/picture><div class=\"product-info\"><p>Couverture de carnet de sant\u00e9 enfant brod\u00e9e<\/p><\/div><\/a><\/div>\n<div class=\"tdz-productgrid-block wp-block-column product-card\" data-sku=\"TA14850-2500003-09\"><a href=\"https:\/\/tadaaz.fr\/fr\/p\/TA14850-2500003-09\/serviette-de-bain-prenom-brode-humus\"><picture data-alt=\"Serviette de bain pr\u00e9nom brod\u00e9 humus\"><source media=\"(min-width: 960px)\" srcset=\"https:\/\/static.tadaaz.be\/api\/2\/img\/tadprod\/TA14850-2500003-09\/serviette-de-bain-prenom-brode-humus-TA14850-2500003-09-1.jpg\/fit?size=404x404&#038;auth=MjIwNzUzNzIxMg__\"><source media=\"(min-width: 600px) and (max-width: 959px)\" srcset=\"https:\/\/static.tadaaz.be\/api\/2\/img\/tadprod\/TA14850-2500003-09\/serviette-de-bain-prenom-brode-humus-TA14850-2500003-09-1.jpg\/fit?size=298x298&#038;auth=MjIwNzUzNzIxMg__\"><source media=\"(min-width: 0) and (max-width: 599px)\" srcset=\"https:\/\/static.tadaaz.be\/api\/2\/img\/tadprod\/TA14850-2500003-09\/serviette-de-bain-prenom-brode-humus-TA14850-2500003-09-1.jpg\/fit?size=291x291&#038;auth=MjIwNzUzNzIxMg__\"><img decoding=\"async\" src=\"https:\/\/static.tadaaz.be\/api\/2\/img\/tadprod\/TA14850-2500003-09\/serviette-de-bain-prenom-brode-humus-TA14850-2500003-09-1.jpg\/fit?size=291x291&#038;auth=MjIwNzUzNzIxMg__\" alt=\"Serviette de bain pr\u00e9nom brod\u00e9 humus\" width=\"291\" height=\"291\" loading=\"lazy\" style=\"max-width:100%; height:auto;\"><\/picture><div class=\"product-info\"><p>Serviette de bain pr\u00e9nom brod\u00e9 humus<\/p><\/div><\/a><\/div>\n<\/div>\n\n\n\n\n  <!-- wp:buttons -->\n  <div class=\"wp-block-buttons\">\n    <!-- wp:button {\"backgroundColor\":\"palette-color-1\",\"className\":\"is-style-fill\"} -->\n    <div class=\"wp-block-button is-style-fill\"><a class=\"wp-block-button__link has-background\" href=\"https:\/\/tadaaz.fr\/fr\/cadeau-personnalise\/broderie\">Toute la broderie<\/a><\/div>\n    <!-- \/wp:button -->\n  <\/div>\n  <!-- \/wp:buttons -->\n\n\n\n<p>Parmi les affaires que vous devriez certainement acheter, il y a :&nbsp;<\/p>\n\n\n\n<ul class=\"wp-block-list\">\n<li><strong>une bo\u00eete \u00e0 go\u00fbter\u202f;<\/strong><\/li>\n\n\n\n<li><strong>un petit tablier <\/strong>(pour la peinture et les autres activit\u00e9s manuelles).<\/li>\n<\/ul>\n\n\n\n<p>Selon l\u2019\u00e9cole, il faudra parfois pr\u00e9voir de r<strong>apporter du linge de lit pour la sieste<\/strong> et le repas s\u2019il n\u2019y a pas de cantine.<\/p>\n\n\n\n<p>Notez le pr\u00e9nom et le nom de votre enfant est requis pour qu\u2019il puisse facilement retrouver ses affaires.<\/p>\n\n\n\n<h2 class=\"wp-block-heading\">La rentr\u00e9e en grande section, une pr\u00e9paration plus importante&nbsp;<\/h2>\n\n\n\n<p>Votre enfant est plus grand, il est peut-\u00eatre m\u00eame d\u00e9j\u00e0 propre et n\u2019a plus besoin de couches. <strong>Quelques fournitures scolaires suppl\u00e9mentaires<\/strong> seront certainement demand\u00e9es.<\/p>\n\n\n<div class=\"tdz-productgrid\" data-id=\"690\" style=\"--tdz-grid-cols: 3;\"><div class=\"tdz-productgrid-block wp-block-column product-card\" data-sku=\"TA14928-2600004-09\"><a href=\"https:\/\/tadaaz.fr\/fr\/p\/TA14928-2600004-09\/porte-cles-citron-et-home-fete-des-mamans\"><picture data-alt=\"Porte-cl\u00e9s citron et &quot;home&quot; f\u00eate des mamans\"><source media=\"(min-width: 960px)\" srcset=\"https:\/\/static.tadaaz.be\/api\/2\/img\/tadprod\/TA14928-2600004-09\/TA14928-2600004-09-1.jpg\/fit?size=404x404&#038;auth=MjIwNzUzNzIxMg__\"><source media=\"(min-width: 600px) and (max-width: 959px)\" srcset=\"https:\/\/static.tadaaz.be\/api\/2\/img\/tadprod\/TA14928-2600004-09\/TA14928-2600004-09-1.jpg\/fit?size=298x298&#038;auth=MjIwNzUzNzIxMg__\"><source media=\"(min-width: 0) and (max-width: 599px)\" srcset=\"https:\/\/static.tadaaz.be\/api\/2\/img\/tadprod\/TA14928-2600004-09\/TA14928-2600004-09-1.jpg\/fit?size=291x291&#038;auth=MjIwNzUzNzIxMg__\"><img decoding=\"async\" src=\"https:\/\/static.tadaaz.be\/api\/2\/img\/tadprod\/TA14928-2600004-09\/TA14928-2600004-09-1.jpg\/fit?size=291x291&#038;auth=MjIwNzUzNzIxMg__\" alt=\"Porte-cl\u00e9s citron et &quot;home&quot; f\u00eate des mamans\" width=\"291\" height=\"291\" loading=\"lazy\" style=\"max-width:100%; height:auto;\"><\/picture><div class=\"product-info\"><p>Porte-cl\u00e9s citron et &quot;home&quot; f\u00eate des mamans<\/p><\/div><\/a><\/div>\n<div class=\"tdz-productgrid-block wp-block-column product-card\" data-sku=\"TA14928-2600001-09\"><a href=\"https:\/\/tadaaz.fr\/fr\/p\/TA14928-2600001-09\/porte-cles-trefle-et-home-fete-des-mamans\"><picture data-alt=\"Porte-cl\u00e9s tr\u00e8fle et home f\u00eate des mamans\"><source media=\"(min-width: 960px)\" srcset=\"https:\/\/static.tadaaz.be\/api\/2\/img\/tadprod\/TA14928-2600001-09\/TA14928-2600001-09-1.jpg\/fit?size=404x404&#038;auth=MjIwNzUzNzIxMg__\"><source media=\"(min-width: 600px) and (max-width: 959px)\" srcset=\"https:\/\/static.tadaaz.be\/api\/2\/img\/tadprod\/TA14928-2600001-09\/TA14928-2600001-09-1.jpg\/fit?size=298x298&#038;auth=MjIwNzUzNzIxMg__\"><source media=\"(min-width: 0) and (max-width: 599px)\" srcset=\"https:\/\/static.tadaaz.be\/api\/2\/img\/tadprod\/TA14928-2600001-09\/TA14928-2600001-09-1.jpg\/fit?size=291x291&#038;auth=MjIwNzUzNzIxMg__\"><img decoding=\"async\" src=\"https:\/\/static.tadaaz.be\/api\/2\/img\/tadprod\/TA14928-2600001-09\/TA14928-2600001-09-1.jpg\/fit?size=291x291&#038;auth=MjIwNzUzNzIxMg__\" alt=\"Porte-cl\u00e9s tr\u00e8fle et home f\u00eate des mamans\" width=\"291\" height=\"291\" loading=\"lazy\" style=\"max-width:100%; height:auto;\"><\/picture><div class=\"product-info\"><p>Porte-cl\u00e9s tr\u00e8fle et home f\u00eate des mamans<\/p><\/div><\/a><\/div>\n<div class=\"tdz-productgrid-block wp-block-column product-card\" data-sku=\"TA14931-2200002-09\"><a href=\"https:\/\/tadaaz.fr\/fr\/p\/TA14931-2200002-09\/grande-plaque-aluminium-vierge\"><picture data-alt=\"Grande plaque aluminium vierge\"><source media=\"(min-width: 960px)\" srcset=\"https:\/\/static.tadaaz.be\/api\/2\/img\/tadprod\/TA14931-2200002-09\/grande-plaque-aluminium-vierge-TA14931-2200002-09-1.jpg\/fit?size=404x404&#038;auth=MjIwNzUzNzIxMg__\"><source media=\"(min-width: 600px) and (max-width: 959px)\" srcset=\"https:\/\/static.tadaaz.be\/api\/2\/img\/tadprod\/TA14931-2200002-09\/grande-plaque-aluminium-vierge-TA14931-2200002-09-1.jpg\/fit?size=298x298&#038;auth=MjIwNzUzNzIxMg__\"><source media=\"(min-width: 0) and (max-width: 599px)\" srcset=\"https:\/\/static.tadaaz.be\/api\/2\/img\/tadprod\/TA14931-2200002-09\/grande-plaque-aluminium-vierge-TA14931-2200002-09-1.jpg\/fit?size=291x291&#038;auth=MjIwNzUzNzIxMg__\"><img decoding=\"async\" src=\"https:\/\/static.tadaaz.be\/api\/2\/img\/tadprod\/TA14931-2200002-09\/grande-plaque-aluminium-vierge-TA14931-2200002-09-1.jpg\/fit?size=291x291&#038;auth=MjIwNzUzNzIxMg__\" alt=\"Grande plaque aluminium vierge\" width=\"291\" height=\"291\" loading=\"lazy\" style=\"max-width:100%; height:auto;\"><\/picture><div class=\"product-info\"><p>Grande plaque aluminium vierge<\/p><\/div><\/a><\/div>\n<div class=\"tdz-productgrid-block wp-block-column product-card\" data-sku=\"TA14853-2500001-09\"><a href=\"https:\/\/tadaaz.fr\/fr\/p\/TA14853-2500001-09\/trousse-scolaire-teddy-prenom-brode-marron\"><picture data-alt=\"Trousse scolaire teddy pr\u00e9nom brod\u00e9 marron\"><source media=\"(min-width: 960px)\" srcset=\"https:\/\/static.tadaaz.be\/api\/2\/img\/tadprod\/TA14853-2500001-09\/trousse-scolaire-teddy-prenom-brode-marron-TA14853-2500001-09-1.jpg\/fit?size=404x404&#038;auth=MjIwNzUzNzIxMg__\"><source media=\"(min-width: 600px) and (max-width: 959px)\" srcset=\"https:\/\/static.tadaaz.be\/api\/2\/img\/tadprod\/TA14853-2500001-09\/trousse-scolaire-teddy-prenom-brode-marron-TA14853-2500001-09-1.jpg\/fit?size=298x298&#038;auth=MjIwNzUzNzIxMg__\"><source media=\"(min-width: 0) and (max-width: 599px)\" srcset=\"https:\/\/static.tadaaz.be\/api\/2\/img\/tadprod\/TA14853-2500001-09\/trousse-scolaire-teddy-prenom-brode-marron-TA14853-2500001-09-1.jpg\/fit?size=291x291&#038;auth=MjIwNzUzNzIxMg__\"><img decoding=\"async\" src=\"https:\/\/static.tadaaz.be\/api\/2\/img\/tadprod\/TA14853-2500001-09\/trousse-scolaire-teddy-prenom-brode-marron-TA14853-2500001-09-1.jpg\/fit?size=291x291&#038;auth=MjIwNzUzNzIxMg__\" alt=\"Trousse scolaire teddy pr\u00e9nom brod\u00e9 marron\" width=\"291\" height=\"291\" loading=\"lazy\" style=\"max-width:100%; height:auto;\"><\/picture><div class=\"product-info\"><p>Trousse scolaire teddy pr\u00e9nom brod\u00e9 marron<\/p><\/div><\/a><\/div>\n<div class=\"tdz-productgrid-block wp-block-column product-card\" data-sku=\"TA14943-2400009-09\"><a href=\"https:\/\/tadaaz.fr\/fr\/p\/TA14943-2400009-09\/sac-en-lin-citron-et-rayures\"><picture data-alt=\"Sac en lin citron et rayures\"><source media=\"(min-width: 960px)\" srcset=\"https:\/\/static.tadaaz.be\/api\/2\/img\/tadprod\/TA14943-2400009-09\/sac-en-lin-citron-et-rayures-TA14943-2400009-09-1.jpg\/fit?size=404x404&#038;auth=MjIwNzUzNzIxMg__\"><source media=\"(min-width: 600px) and (max-width: 959px)\" srcset=\"https:\/\/static.tadaaz.be\/api\/2\/img\/tadprod\/TA14943-2400009-09\/sac-en-lin-citron-et-rayures-TA14943-2400009-09-1.jpg\/fit?size=298x298&#038;auth=MjIwNzUzNzIxMg__\"><source media=\"(min-width: 0) and (max-width: 599px)\" srcset=\"https:\/\/static.tadaaz.be\/api\/2\/img\/tadprod\/TA14943-2400009-09\/sac-en-lin-citron-et-rayures-TA14943-2400009-09-1.jpg\/fit?size=291x291&#038;auth=MjIwNzUzNzIxMg__\"><img decoding=\"async\" src=\"https:\/\/static.tadaaz.be\/api\/2\/img\/tadprod\/TA14943-2400009-09\/sac-en-lin-citron-et-rayures-TA14943-2400009-09-1.jpg\/fit?size=291x291&#038;auth=MjIwNzUzNzIxMg__\" alt=\"Sac en lin citron et rayures\" width=\"291\" height=\"291\" loading=\"lazy\" style=\"max-width:100%; height:auto;\"><\/picture><div class=\"product-info\"><p>Sac en lin citron et rayures<\/p><\/div><\/a><\/div>\n<div class=\"tdz-productgrid-block wp-block-column product-card\" data-sku=\"TA14935-2200003-09\"><a href=\"https:\/\/tadaaz.fr\/fr\/p\/TA14935-2200003-09\/cadre-carre-paillette-100-personnalisable\"><picture data-alt=\"Cadre carr\u00e9 paillette 100 % personnalisable\"><source media=\"(min-width: 960px)\" srcset=\"https:\/\/static.tadaaz.be\/api\/2\/img\/tadprod\/TA14935-2200003-09\/cadre-carre-paillette-100-personnalisable-TA14935-2200003-09-1.jpg\/fit?size=404x404&#038;auth=MjIwNzUzNzIxMg__\"><source media=\"(min-width: 600px) and (max-width: 959px)\" srcset=\"https:\/\/static.tadaaz.be\/api\/2\/img\/tadprod\/TA14935-2200003-09\/cadre-carre-paillette-100-personnalisable-TA14935-2200003-09-1.jpg\/fit?size=298x298&#038;auth=MjIwNzUzNzIxMg__\"><source media=\"(min-width: 0) and (max-width: 599px)\" srcset=\"https:\/\/static.tadaaz.be\/api\/2\/img\/tadprod\/TA14935-2200003-09\/cadre-carre-paillette-100-personnalisable-TA14935-2200003-09-1.jpg\/fit?size=291x291&#038;auth=MjIwNzUzNzIxMg__\"><img decoding=\"async\" src=\"https:\/\/static.tadaaz.be\/api\/2\/img\/tadprod\/TA14935-2200003-09\/cadre-carre-paillette-100-personnalisable-TA14935-2200003-09-1.jpg\/fit?size=291x291&#038;auth=MjIwNzUzNzIxMg__\" alt=\"Cadre carr\u00e9 paillette 100 % personnalisable\" width=\"291\" height=\"291\" loading=\"lazy\" style=\"max-width:100%; height:auto;\"><\/picture><div class=\"product-info\"><p>Cadre carr\u00e9 paillette 100 % personnalisable<\/p><\/div><\/a><\/div>\n<\/div>\n\n\n\n\n  <!-- wp:buttons -->\n  <div class=\"wp-block-buttons\">\n    <!-- wp:button {\"backgroundColor\":\"palette-color-1\",\"className\":\"is-style-fill\"} -->\n    <div class=\"wp-block-button is-style-fill\"><a class=\"wp-block-button__link has-background\" href=\"https:\/\/tadaaz.fr\/fr\/cadeau-personnalise\/fournitures-rentree-scolaire\">Toutes les fournitures scolaires <\/a><\/div>\n    <!-- \/wp:button -->\n  <\/div>\n  <!-- \/wp:buttons -->\n\n\n\n<h3 class=\"wp-block-heading\">Fourniture scolaire pour la grande section<\/h3>\n\n\n\n<p>Les parents doivent souvent r\u00e9aliser plusieurs achats lorsque l\u2019enfant a entre 4 et 5 ans. Nous vous partageons une liste non exhaustive de fournitures scolaires. En effet<strong>, cette liste peut varier selon l\u2019\u00e9cole<\/strong>. Pas de panique, le ma\u00eetre ou la ma\u00eetresse partage souvent une liste pr\u00e9cise quelques semaines avant la rentr\u00e9e.&nbsp;<\/p>\n\n\n\n<p>Il est recommand\u00e9 de pr\u00e9voir dans le sac :&nbsp;<\/p>\n\n\n\n<ul class=\"wp-block-list\">\n<li>un petit tablier ;<\/li>\n\n\n\n<li>une ardoise avec un feutre adapt\u00e9 et un effaceur ;<\/li>\n\n\n\n<li><strong>un porte-vue et\/ou un grand classeur\u202f;<\/strong><\/li>\n\n\n\n<li><strong>une petite trousse <\/strong>avec un crayon gris, un taille-crayon, une gomme, un tube de colle, un ciseau \u00e0 bouts ronds et un stylo bic ;<\/li>\n\n\n\n<li><strong>une pochette de feutres ou de crayons de couleurs<\/strong> (une fois de plus, tout d\u00e9pend les besoins du ma\u00eetre ou de la ma\u00eetresse).<\/li>\n<\/ul>\n\n\n\n<p>En plus de ces produits pour r\u00e9aliser les exercices pratiques et les activit\u00e9s manuelles, votre enfant devra pr\u00e9voir des affaires plus personnelles.<\/p>\n\n\n\n<h3 class=\"wp-block-heading\">Les indispensables \u00e0 toujours amener \u00e0 l\u2019\u00e9cole maternelle<\/h3>\n\n\n\n<p>Un sac de change reste aussi souvent indispensable en maternelle. Les petits accidents sont vite arriv\u00e9s, il est donc pr\u00e9f\u00e9rable que votre enfant ait dans son sac<strong> une tenue de rechange en fonction de la saison <\/strong>ainsi que des lingettes et des mouchoirs. Son doudou n\u2019est pas oubli\u00e9. Nous vous recommandons la m\u00eame peluche en double pour qu\u2019il y ait toujours une peluche dans le sac. Cela \u00e9vite les oublis et les moments stressants pour votre enfant.<\/p>\n\n\n\n<h2 class=\"wp-block-heading\">Mon premier jour en petite section : pr\u00e9parer psychologiquement votre enfant<\/h2>\n\n\n\n<p>Les enfants sont attach\u00e9s \u00e0 leurs parents. Ainsi, \u00eatre s\u00e9par\u00e9s et arriver dans un nouveau lieu peut \u00eatre un moment particuli\u00e8rement stressant. Il est pr\u00e9f\u00e9rable de <strong>pr\u00e9parer votre bout de chou \u00e0 cette rentr\u00e9e<\/strong>.<\/p>\n\n\n\n<h3 class=\"wp-block-heading\">Discuter de l\u2019\u00e9cole \u00e0 votre enfant plusieurs semaines avant la rentr\u00e9e<\/h3>\n\n\n\n<p>Parlez de ce nouvel environnement deux \u00e0 trois semaines avant la rentr\u00e9e. \u00c9voquez le nom de son \u00e9cole, de son professeur et<strong> les activit\u00e9s qu\u2019il ou elle fera en classe<\/strong>. Cela l\u2019aidera \u00e0 se projeter et \u00e0 imaginer son quotidien sans pression.<\/p>\n\n\n\n<h3 class=\"wp-block-heading\">La journ\u00e9e portes ouvertes peut aussi aider votre enfant<\/h3>\n\n\n\n<p>Certaines \u00e9coles proposent d\u2019accueillir les parents et les enfants dans un contexte convivial. C\u2019est le moment de rencontrer la ma\u00eetresse ou le ma\u00eetre pour<strong> cr\u00e9er un lien de confiance <\/strong>avec le petit.<\/p>\n\n\n\n<h3 class=\"wp-block-heading\">Pr\u00e9parer le pack rentr\u00e9e avec votre enfant<\/h3>\n\n\n\n<p>Inclure les enfants dans les pr\u00e9paratifs est une bonne id\u00e9e. Cela les motivera et rendra la rentr\u00e9e plus agr\u00e9able.<\/p>\n","protected":false},"excerpt":{"rendered":"<p>Votre petit bout de chou int\u00e8gre bient\u00f4t l\u2019\u00e9cole maternelle ? Nous vous proposons un guide pour pr\u00e9parer la rentr\u00e9e :\u00a0 La premi\u00e8re rentr\u00e9e des classes repr\u00e9sente souvent une angoisse pour les parents. Vous devez vous montrer organis\u00e9 et surtout pas angoiss\u00e9 pour faciliter cette \u00e9tape. Lisez la suite pour d\u00e9couvrir un guide complet des affaires [&hellip;]<\/p>\n","protected":false},"author":72,"featured_media":110897,"comment_status":"open","ping_status":"open","sticky":false,"template":"","format":"standard","meta":{"product_relevance":0,"footnotes":""},"categories":[67],"tags":[],"class_list":["post-110896","post","type-post","status-publish","format-standard","has-post-thumbnail","hentry","category-naissance"],"blocksy_meta":[],"yoast_head":"<!-- This site is optimized with the Yoast SEO plugin v26.7 - https:\/\/yoast.com\/wordpress\/plugins\/seo\/ -->\n<title>Quoi acheter pour la rentr\u00e9e en maternelle ? Notre guide complet ! - Tadaaz Blog<\/title>\n<meta name=\"description\" content=\"Nos astuces pour savoir quoi acheter pour la rentr\u00e9e en maternelle et bien \u00e9quiper votre enfant !\" \/>\n<meta name=\"robots\" content=\"index, follow, max-snippet:-1, max-image-preview:large, max-video-preview:-1\" \/>\n<link rel=\"canonical\" href=\"https:\/\/tadaaz.fr\/blog\/fr\/wp-json\/wp\/v2\/posts\/110896\" \/>\n<meta property=\"og:locale\" content=\"fr_FR\" \/>\n<meta property=\"og:type\" content=\"article\" \/>\n<meta property=\"og:title\" content=\"Quoi acheter pour la rentr\u00e9e en maternelle ? Notre guide complet ! - Tadaaz Blog\" \/>\n<meta property=\"og:description\" content=\"Nos astuces pour savoir quoi acheter pour la rentr\u00e9e en maternelle et bien \u00e9quiper votre enfant !\" \/>\n<meta property=\"og:url\" content=\"https:\/\/tadaaz.fr\/blog\/fr\/naissance\/quoi-acheter-pour-la-rentree-en-maternelle-guide\/\" \/>\n<meta property=\"og:site_name\" content=\"Tadaaz Blog\" \/>\n<meta property=\"article:published_time\" content=\"2025-09-02T14:10:42+00:00\" \/>\n<meta property=\"article:modified_time\" content=\"2025-09-02T14:10:47+00:00\" \/>\n<meta property=\"og:image\" content=\"https:\/\/tadaaz.fr\/blog\/wp-content\/uploads\/2025\/09\/quoi-acheter-pour-la-rentree-en-maternelle.png\" \/>\n\t<meta property=\"og:image:width\" content=\"1024\" \/>\n\t<meta property=\"og:image:height\" content=\"768\" \/>\n\t<meta property=\"og:image:type\" content=\"image\/png\" \/>\n<meta name=\"author\" content=\"Iris\" \/>\n<meta name=\"twitter:card\" content=\"summary_large_image\" \/>\n<meta name=\"twitter:label1\" content=\"\u00c9crit par\" \/>\n\t<meta name=\"twitter:data1\" content=\"Iris\" \/>\n\t<meta name=\"twitter:label2\" content=\"Dur\u00e9e de lecture estim\u00e9e\" \/>\n\t<meta name=\"twitter:data2\" content=\"5 minutes\" \/>\n<!-- \/ Yoast SEO plugin. -->","yoast_head_json":{"title":"Quoi acheter pour la rentr\u00e9e en maternelle ? Notre guide complet ! - Tadaaz Blog","description":"Nos astuces pour savoir quoi acheter pour la rentr\u00e9e en maternelle et bien \u00e9quiper votre enfant !","robots":{"index":"index","follow":"follow","max-snippet":"max-snippet:-1","max-image-preview":"max-image-preview:large","max-video-preview":"max-video-preview:-1"},"canonical":"https:\/\/tadaaz.fr\/blog\/fr\/wp-json\/wp\/v2\/posts\/110896","og_locale":"fr_FR","og_type":"article","og_title":"Quoi acheter pour la rentr\u00e9e en maternelle ? Notre guide complet ! - Tadaaz Blog","og_description":"Nos astuces pour savoir quoi acheter pour la rentr\u00e9e en maternelle et bien \u00e9quiper votre enfant !","og_url":"https:\/\/tadaaz.fr\/blog\/fr\/naissance\/quoi-acheter-pour-la-rentree-en-maternelle-guide\/","og_site_name":"Tadaaz Blog","article_published_time":"2025-09-02T14:10:42+00:00","article_modified_time":"2025-09-02T14:10:47+00:00","og_image":[{"width":1024,"height":768,"url":"https:\/\/tadaaz.fr\/blog\/wp-content\/uploads\/2025\/09\/quoi-acheter-pour-la-rentree-en-maternelle.png","type":"image\/png"}],"author":"Iris","twitter_card":"summary_large_image","twitter_misc":{"\u00c9crit par":"Iris","Dur\u00e9e de lecture estim\u00e9e":"5 minutes"},"schema":{"@context":"https:\/\/schema.org","@graph":[{"@type":"Article","@id":"https:\/\/tadaaz.fr\/blog\/fr\/naissance\/quoi-acheter-pour-la-rentree-en-maternelle-guide\/#article","isPartOf":{"@id":"https:\/\/tadaaz.fr\/blog\/fr\/naissance\/quoi-acheter-pour-la-rentree-en-maternelle-guide\/"},"author":{"name":"Iris","@id":"https:\/\/tadaaz.nl\/blog\/nl\/#\/schema\/person\/2f6659f670fbdd73a02a86a2f17cb6f4"},"headline":"Quoi acheter pour la rentr\u00e9e en maternelle ? Notre guide complet !","datePublished":"2025-09-02T14:10:42+00:00","dateModified":"2025-09-02T14:10:47+00:00","mainEntityOfPage":{"@id":"https:\/\/tadaaz.fr\/blog\/fr\/naissance\/quoi-acheter-pour-la-rentree-en-maternelle-guide\/"},"wordCount":922,"commentCount":0,"publisher":{"@id":"https:\/\/tadaaz.nl\/blog\/nl\/#organization"},"image":{"@id":"https:\/\/tadaaz.fr\/blog\/fr\/naissance\/quoi-acheter-pour-la-rentree-en-maternelle-guide\/#primaryimage"},"thumbnailUrl":"https:\/\/tadaaz.fr\/blog\/wp-content\/uploads\/2025\/09\/quoi-acheter-pour-la-rentree-en-maternelle.png","articleSection":["Naissance"],"inLanguage":"fr-FR","potentialAction":[{"@type":"CommentAction","name":"Comment","target":["https:\/\/tadaaz.fr\/blog\/fr\/naissance\/quoi-acheter-pour-la-rentree-en-maternelle-guide\/#respond"]}]},{"@type":"WebPage","@id":"https:\/\/tadaaz.fr\/blog\/fr\/naissance\/quoi-acheter-pour-la-rentree-en-maternelle-guide\/","url":"https:\/\/tadaaz.fr\/blog\/fr\/naissance\/quoi-acheter-pour-la-rentree-en-maternelle-guide\/","name":"Quoi acheter pour la rentr\u00e9e en maternelle ? Notre guide complet ! - Tadaaz Blog","isPartOf":{"@id":"https:\/\/tadaaz.nl\/blog\/nl\/#website"},"primaryImageOfPage":{"@id":"https:\/\/tadaaz.fr\/blog\/fr\/naissance\/quoi-acheter-pour-la-rentree-en-maternelle-guide\/#primaryimage"},"image":{"@id":"https:\/\/tadaaz.fr\/blog\/fr\/naissance\/quoi-acheter-pour-la-rentree-en-maternelle-guide\/#primaryimage"},"thumbnailUrl":"https:\/\/tadaaz.fr\/blog\/wp-content\/uploads\/2025\/09\/quoi-acheter-pour-la-rentree-en-maternelle.png","datePublished":"2025-09-02T14:10:42+00:00","dateModified":"2025-09-02T14:10:47+00:00","description":"Nos astuces pour savoir quoi acheter pour la rentr\u00e9e en maternelle et bien \u00e9quiper votre enfant !","inLanguage":"fr-FR","potentialAction":[{"@type":"ReadAction","target":["https:\/\/tadaaz.fr\/blog\/fr\/naissance\/quoi-acheter-pour-la-rentree-en-maternelle-guide\/"]}]},{"@type":"ImageObject","inLanguage":"fr-FR","@id":"https:\/\/tadaaz.fr\/blog\/fr\/naissance\/quoi-acheter-pour-la-rentree-en-maternelle-guide\/#primaryimage","url":"https:\/\/tadaaz.fr\/blog\/wp-content\/uploads\/2025\/09\/quoi-acheter-pour-la-rentree-en-maternelle.png","contentUrl":"https:\/\/tadaaz.fr\/blog\/wp-content\/uploads\/2025\/09\/quoi-acheter-pour-la-rentree-en-maternelle.png","width":1024,"height":768,"caption":"quoi acheter pour la rentr\u00e9e en maternelle"},{"@type":"WebSite","@id":"https:\/\/tadaaz.nl\/blog\/nl\/#website","url":"https:\/\/tadaaz.nl\/blog\/nl\/","name":"Tadaaz Blog","description":"","publisher":{"@id":"https:\/\/tadaaz.nl\/blog\/nl\/#organization"},"potentialAction":[{"@type":"SearchAction","target":{"@type":"EntryPoint","urlTemplate":"https:\/\/tadaaz.nl\/blog\/nl\/?s={search_term_string}"},"query-input":{"@type":"PropertyValueSpecification","valueRequired":true,"valueName":"search_term_string"}}],"inLanguage":"fr-FR"},{"@type":"Organization","@id":"https:\/\/tadaaz.nl\/blog\/nl\/#organization","name":"Tadaaz Blog","url":"https:\/\/tadaaz.nl\/blog\/nl\/","logo":{"@type":"ImageObject","inLanguage":"fr-FR","@id":"https:\/\/tadaaz.nl\/blog\/nl\/#\/schema\/logo\/image\/","url":"https:\/\/tadaaz.fr\/blog\/wp-content\/uploads\/2023\/02\/TADAAZ_LOGO_RGB_BLOG.svg","contentUrl":"https:\/\/tadaaz.fr\/blog\/wp-content\/uploads\/2023\/02\/TADAAZ_LOGO_RGB_BLOG.svg","caption":"Tadaaz Blog"},"image":{"@id":"https:\/\/tadaaz.nl\/blog\/nl\/#\/schema\/logo\/image\/"}},{"@type":"Person","@id":"https:\/\/tadaaz.nl\/blog\/nl\/#\/schema\/person\/2f6659f670fbdd73a02a86a2f17cb6f4","name":"Iris","image":{"@type":"ImageObject","inLanguage":"fr-FR","@id":"https:\/\/tadaaz.nl\/blog\/nl\/#\/schema\/person\/image\/","url":"https:\/\/secure.gravatar.com\/avatar\/c25203fdebe3c5ec25528d8c6db7cb5719890cf99946a387f0dbbd6147bc174e?s=96&d=mm&r=g","contentUrl":"https:\/\/secure.gravatar.com\/avatar\/c25203fdebe3c5ec25528d8c6db7cb5719890cf99946a387f0dbbd6147bc174e?s=96&d=mm&r=g","caption":"Iris"},"description":"Je suis passionn\u00e9e par les moments marquants de la vie, j\u2019aime faire du sport, voyager, prendre soin de moi, voir mes amis, et surtout, organiser des \u00e9v\u00e9nements ! C\u2019est ce m\u00e9lange d\u2019\u00e9nergie et de passion qui me pousse \u00e0 partager avec vous des astuces et conseils pour faire de vos c\u00e9r\u00e9monies un v\u00e9ritable succ\u00e8s ! Que ce soit pour un mariage, un bapt\u00eame ou une f\u00eate d\u2019anniversaire, je vous accompagne avec des id\u00e9es cr\u00e9atives pour sublimer ces instants magiques.","sameAs":["https:\/\/fr.linkedin.com\/in\/iris-capon-949b2119a"],"url":"https:\/\/tadaaz.fr\/blog\/fr\/author\/iristadaaz-fr\/"}]}},"_links":{"self":[{"href":"https:\/\/tadaaz.fr\/blog\/fr\/wp-json\/wp\/v2\/posts\/110896","targetHints":{"allow":["GET"]}}],"collection":[{"href":"https:\/\/tadaaz.fr\/blog\/fr\/wp-json\/wp\/v2\/posts"}],"about":[{"href":"https:\/\/tadaaz.fr\/blog\/fr\/wp-json\/wp\/v2\/types\/post"}],"author":[{"embeddable":true,"href":"https:\/\/tadaaz.fr\/blog\/fr\/wp-json\/wp\/v2\/users\/72"}],"replies":[{"embeddable":true,"href":"https:\/\/tadaaz.fr\/blog\/fr\/wp-json\/wp\/v2\/comments?post=110896"}],"version-history":[{"count":2,"href":"https:\/\/tadaaz.fr\/blog\/fr\/wp-json\/wp\/v2\/posts\/110896\/revisions"}],"predecessor-version":[{"id":110903,"href":"https:\/\/tadaaz.fr\/blog\/fr\/wp-json\/wp\/v2\/posts\/110896\/revisions\/110903"}],"wp:featuredmedia":[{"embeddable":true,"href":"https:\/\/tadaaz.fr\/blog\/fr\/wp-json\/wp\/v2\/media\/110897"}],"wp:attachment":[{"href":"https:\/\/tadaaz.fr\/blog\/fr\/wp-json\/wp\/v2\/media?parent=110896"}],"wp:term":[{"taxonomy":"category","embeddable":true,"href":"https:\/\/tadaaz.fr\/blog\/fr\/wp-json\/wp\/v2\/categories?post=110896"},{"taxonomy":"post_tag","embeddable":true,"href":"https:\/\/tadaaz.fr\/blog\/fr\/wp-json\/wp\/v2\/tags?post=110896"}],"curies":[{"name":"wp","href":"https:\/\/api.w.org\/{rel}","templated":true}]}}