{"id":23047,"date":"2017-08-02T11:11:31","date_gmt":"2017-08-02T09:11:31","guid":{"rendered":"https:\/\/tadaaz.fr\/blog\/fr\/?p=23047"},"modified":"2025-07-29T15:39:42","modified_gmt":"2025-07-29T13:39:42","slug":"personnalisez-depart-retraite","status":"publish","type":"post","link":"https:\/\/tadaaz.fr\/blog\/fr\/fetes\/personnalisez-depart-retraite\/","title":{"rendered":"Personnalisez votre d\u00e9part en retraite !"},"content":{"rendered":"<h2>La retraite \u00e7a se f\u00eate, personnalisez votre d\u00e9part pour que vos proches s&rsquo;en souviennent<\/h2>\n<p>A chacun sa perception de la retraite. Certains y pensent depuis de longs mois d\u00e9j\u00e0. D\u2019autres la redoute, ce qui est s\u00fbr c\u2019est que cette \u00e9tape marque \u00ab\u00a0un nouveau d\u00e9part\u00a0\u00bb dans votre vie. \u00a0Apr\u00e8s de longues ann\u00e9es de bons et loyaux services, il vous faudra trouver de nouvelles occupations ou de nouveaux objectifs.<\/p>\n<p>Une petite soir\u00e9e s\u2019impose afin de f\u00eater l\u2019heureux retrait\u00e9 que vous \u00eates \u00e0 pr\u00e9sent. Pour cela, je vous propose divers produits pour annoncer votre retraite que vous pourrez personnaliser afin de marquer le coup de cette nouvelle vie.<\/p>\n<h3>Une invitation retraite personnalis\u00e9e<\/h3>\n<p>Une pension bien m\u00e9rit\u00e9e doit s\u2019annoncer avec une <a href=\"\/fr\/fete\/invitation-fete\">invitation personnalis\u00e9e<\/a>. Afin d\u2019inviter vos proches, famille, amis et futurs ex-coll\u00e8gues, cette carte devra leur indiquer la date, le lieu et l\u2019heure de votre soir\u00e9e de d\u00e9part en retraite. Si vous manquez un peu d\u2019inspiration, voici quelques id\u00e9es de textes qui mettront peut-\u00eatre la larme \u00e0 l\u2019\u0153il \u00e0 certains mais qui en feront sourire beaucoup d\u2019autres.<\/p>\n<p style=\"text-align: center;\">\n  <!-- wp:buttons -->\n  <div class=\"wp-block-buttons\">\n    <!-- wp:button {\"backgroundColor\":\"palette-color-1\",\"className\":\"is-style-fill\"} -->\n    <div class=\"wp-block-button is-style-fill\"><a class=\"wp-block-button__link has-background\" href=\"https:\/\/tadaaz.fr\/fr\/fete\/invitation-fete\">Je personnalise une invitation &gt;<\/a><\/div>\n    <!-- \/wp:button -->\n  <\/div>\n  <!-- \/wp:buttons --><\/p>\n<p><strong>Le texte retraite classique :<\/strong><\/p>\n<ul>\n<li><em>C&rsquo;est la fin d&rsquo;une belle carri\u00e8re mais le d\u00e9but d&rsquo;une grande aventure ! Apr\u00e8s 36 ann\u00e9es de bons et loyaux services, nous f\u00eaterons mon d\u00e9part \u00e0 la retraite le <\/em><em>\u2026<\/em><em> mois <\/em><em>\u2026<\/em><em> \u00e0 <\/em><em>\u2026<\/em><em>h<\/em><em>\u2026<\/em><em> au restaurant. Merci d&rsquo;avance d&rsquo;\u00eatre parmi nous.<\/em><\/li>\n<\/ul>\n<p><strong>L\u2019invitation retraite remplie d\u2019\u00e9motions :<\/strong><\/p>\n<ul>\n<li><em>C&rsquo;est avec une larme au coin de l&rsquo;\u0153il que je m&rsquo;appr\u00eate \u00e0 quitter la vie dite \u00ab\u00a0active\u00a0\u00bb. Pour vous remercier, j&rsquo;ai choisi de vous r\u00e9unir le <\/em><em>\u2026<\/em><em> mois <\/em><em>\u2026<\/em><em>\u00a0 \u00e0 <\/em><em>\u2026<\/em><em>h, dans la salle du restaurant.<\/em><\/li>\n<\/ul>\n<p><strong>L\u2019aventurier\u00a0retrait\u00e9\u00a0:<\/strong><\/p>\n<ul>\n<li><em>Chers futurs ex-coll\u00e8gues, Le temps est venu pour moi de vous abandonner pour aller explorer d&rsquo;autres plaisirs : voyages, famille et parties de p\u00eache ! Avant de partir, je tiens \u00e0 vous exprimer ma reconnaissance apr\u00e8s toutes ces ann\u00e9es de collaboration et de partage. Je vous offrirai donc avec plaisir le pot de l&rsquo;amiti\u00e9 le <\/em><em>\u2026<\/em><em> mois <\/em><em>\u2026<\/em><em>, \u00e0 <\/em><em>\u2026<\/em><em>h. Venez nombreux.<\/em><\/li>\n<\/ul>\n<p><strong>Le d\u00e9part en retraite humoristique\u00a0:<\/strong><\/p>\n<ul>\n<li><em>Me voil\u00e0 enfin promu au poste que je convoitais depuis d\u00e9j\u00e0 quelques ann\u00e9es : Celui d&rsquo;heureux retrait\u00e9 ! Pour arroser cette mont\u00e9e en grade, Je vous attends le <\/em><em>\u2026<\/em><em> mois <\/em><em>\u2026<\/em><em> \u00e0 <\/em><em>\u2026<\/em><em> h <\/em><em>\u2026<\/em><em> dans la salle des f\u00eates<\/em><em>\u2026<\/em><em>. !<\/em><\/li>\n<\/ul>\n<p>N\u2019oubliez pas d\u2019y mettre votre photo car la star du jour, c\u2019est vous\u00a0!<\/p>\n<h3>Personnalisez votre d\u00e9coration d\u00e9part en retraite<\/h3>\n<p>L\u2019invitation retraite \u00e9tant faite, il est temps de parler de votre d\u00e9coration. En effet, un d\u00e9part en retraite m\u00e9rite une d\u00e9co f\u00eate digne de ce nom.<\/p>\n<p>La <strong>d\u00e9coration d\u00e9part en retraite<\/strong> passe aussi bien par l\u2019embellissement de la salle, du resto ou de votre maison que par une d\u00e9coration de table impeccable. D\u00e9corer votre salle devient un jeu d\u2019enfant avec Tadaaz.<\/p>\n<p>Nous avons des solutions pour vous et je vais vous pr\u00e9senter l\u2019assortiment que j\u2019aime tout particuli\u00e8rement.<\/p>\n<p><a href=\"\/blog\/wp-content\/uploads\/2017\/08\/Untitled-design-44.jpg\"><img loading=\"lazy\" decoding=\"async\" class=\"aligncenter wp-image-23073 size-large\" src=\"https:\/\/tadaaz.fr\/blog\/wp-content\/uploads\/2017\/08\/Untitled-design-44-1024x768.jpg\" alt=\"Invitation et d\u00e9co retraite personnalis\u00e9es\" width=\"650\" height=\"488\" srcset=\"https:\/\/tadaaz.fr\/blog\/wp-content\/uploads\/2017\/08\/Untitled-design-44.jpg 1024w, https:\/\/tadaaz.fr\/blog\/wp-content\/uploads\/2017\/08\/Untitled-design-44-300x225.jpg 300w, https:\/\/tadaaz.fr\/blog\/wp-content\/uploads\/2017\/08\/Untitled-design-44-100x75.jpg 100w\" sizes=\"auto, (max-width: 650px) 100vw, 650px\" \/><\/a><\/p>\n<p>Dans cet assortiment de <a href=\"\/fr\/fete\/decoration-fete\">d\u00e9coration f\u00eate<\/a>, vous retrouverez l\u2019affiche retraite, le menu, le set de table et le rond de serviette \u00e0 personnaliser dans le th\u00e8me \u00ab\u00a0retraite\u00a0\u00bb.<\/p>\n<p>Vous voil\u00e0 pr\u00eats pour marquer ce nouveau d\u00e9part avec une invitation retraite dans la joie et remplie d\u2019enthousiasme. Maintenant, il est temps pour vous de profiter d\u2019un repos bien m\u00e9rit\u00e9\u00a0!<\/p>\n","protected":false},"excerpt":{"rendered":"<p>La retraite \u00e7a se f\u00eate, personnalisez votre d\u00e9part pour que vos proches s&rsquo;en souviennent A chacun sa perception de la retraite. Certains y pensent depuis de longs mois d\u00e9j\u00e0. D\u2019autres la redoute, ce qui est s\u00fbr c\u2019est que cette \u00e9tape marque \u00ab\u00a0un nouveau d\u00e9part\u00a0\u00bb dans votre vie. \u00a0Apr\u00e8s de longues ann\u00e9es de bons et loyaux [&hellip;]<\/p>\n","protected":false},"author":14,"featured_media":23073,"comment_status":"open","ping_status":"open","sticky":false,"template":"","format":"standard","meta":{"product_relevance":0,"footnotes":""},"categories":[69],"tags":[5314,6012,5302],"class_list":["post-23047","post","type-post","status-publish","format-standard","has-post-thumbnail","hentry","category-fetes","tag-carte-dinvitation-depart-en-retraite","tag-invitation-depart-en-retraite","tag-invitation-retraite"],"blocksy_meta":{"styles_descriptor":{"styles":{"desktop":"","tablet":"","mobile":""},"google_fonts":[],"version":6}},"yoast_head":"<!-- This site is optimized with the Yoast SEO plugin v26.7 - https:\/\/yoast.com\/wordpress\/plugins\/seo\/ -->\n<title>Personnalisez votre d\u00e9part en retraite ! - Tadaaz Blog<\/title>\n<meta name=\"description\" content=\"L\u2019heure de la retraite a sonn\u00e9 et vous d\u00e9sirez la f\u00eater avec vos proches. Une invitation retraite, en passant par un menu\u2026 d\u00e9couvrez nos d\u00e9co f\u00eate.\" \/>\n<meta name=\"robots\" content=\"index, follow, max-snippet:-1, max-image-preview:large, max-video-preview:-1\" \/>\n<link rel=\"canonical\" href=\"https:\/\/tadaaz.fr\/blog\/fr\/wp-json\/wp\/v2\/posts\/23047\" \/>\n<meta property=\"og:locale\" content=\"fr_FR\" \/>\n<meta property=\"og:type\" content=\"article\" \/>\n<meta property=\"og:title\" content=\"Personnalisez votre d\u00e9part en retraite ! - Tadaaz Blog\" \/>\n<meta property=\"og:description\" content=\"L\u2019heure de la retraite a sonn\u00e9 et vous d\u00e9sirez la f\u00eater avec vos proches. Une invitation retraite, en passant par un menu\u2026 d\u00e9couvrez nos d\u00e9co f\u00eate.\" \/>\n<meta property=\"og:url\" content=\"https:\/\/tadaaz.fr\/blog\/fr\/fetes\/personnalisez-depart-retraite\/\" \/>\n<meta property=\"og:site_name\" content=\"Tadaaz Blog\" \/>\n<meta property=\"article:published_time\" content=\"2017-08-02T09:11:31+00:00\" \/>\n<meta property=\"article:modified_time\" content=\"2025-07-29T13:39:42+00:00\" \/>\n<meta property=\"og:image\" content=\"https:\/\/tadaaz.fr\/blog\/wp-content\/uploads\/2017\/08\/Untitled-design-44.jpg\" \/>\n\t<meta property=\"og:image:width\" content=\"1024\" \/>\n\t<meta property=\"og:image:height\" content=\"768\" \/>\n\t<meta property=\"og:image:type\" content=\"image\/jpeg\" \/>\n<meta name=\"author\" content=\"Virginie\" \/>\n<meta name=\"twitter:card\" content=\"summary_large_image\" \/>\n<meta name=\"twitter:label1\" content=\"\u00c9crit par\" \/>\n\t<meta name=\"twitter:data1\" content=\"Virginie\" \/>\n<!-- \/ Yoast SEO plugin. -->","yoast_head_json":{"title":"Personnalisez votre d\u00e9part en retraite ! - Tadaaz Blog","description":"L\u2019heure de la retraite a sonn\u00e9 et vous d\u00e9sirez la f\u00eater avec vos proches. Une invitation retraite, en passant par un menu\u2026 d\u00e9couvrez nos d\u00e9co f\u00eate.","robots":{"index":"index","follow":"follow","max-snippet":"max-snippet:-1","max-image-preview":"max-image-preview:large","max-video-preview":"max-video-preview:-1"},"canonical":"https:\/\/tadaaz.fr\/blog\/fr\/wp-json\/wp\/v2\/posts\/23047","og_locale":"fr_FR","og_type":"article","og_title":"Personnalisez votre d\u00e9part en retraite ! - Tadaaz Blog","og_description":"L\u2019heure de la retraite a sonn\u00e9 et vous d\u00e9sirez la f\u00eater avec vos proches. Une invitation retraite, en passant par un menu\u2026 d\u00e9couvrez nos d\u00e9co f\u00eate.","og_url":"https:\/\/tadaaz.fr\/blog\/fr\/fetes\/personnalisez-depart-retraite\/","og_site_name":"Tadaaz Blog","article_published_time":"2017-08-02T09:11:31+00:00","article_modified_time":"2025-07-29T13:39:42+00:00","og_image":[{"width":1024,"height":768,"url":"https:\/\/tadaaz.fr\/blog\/wp-content\/uploads\/2017\/08\/Untitled-design-44.jpg","type":"image\/jpeg"}],"author":"Virginie","twitter_card":"summary_large_image","twitter_misc":{"\u00c9crit par":"Virginie"},"schema":{"@context":"https:\/\/schema.org","@graph":[{"@type":"Article","@id":"https:\/\/tadaaz.fr\/blog\/fr\/fetes\/personnalisez-depart-retraite\/#article","isPartOf":{"@id":"https:\/\/tadaaz.fr\/blog\/fr\/fetes\/personnalisez-depart-retraite\/"},"author":{"name":"Virginie","@id":"https:\/\/tadaaz.nl\/blog\/nl\/#\/schema\/person\/9f1684f0720d298d8653901948ae9fea"},"headline":"Personnalisez votre d\u00e9part en retraite !","datePublished":"2017-08-02T09:11:31+00:00","dateModified":"2025-07-29T13:39:42+00:00","mainEntityOfPage":{"@id":"https:\/\/tadaaz.fr\/blog\/fr\/fetes\/personnalisez-depart-retraite\/"},"wordCount":605,"commentCount":0,"publisher":{"@id":"https:\/\/tadaaz.nl\/blog\/nl\/#organization"},"image":{"@id":"https:\/\/tadaaz.fr\/blog\/fr\/fetes\/personnalisez-depart-retraite\/#primaryimage"},"thumbnailUrl":"https:\/\/tadaaz.fr\/blog\/wp-content\/uploads\/2017\/08\/Untitled-design-44.jpg","keywords":["carte d\u2019invitation d\u00e9part en retraite","invitation d\u00e9part en retraite","invitation retraite"],"articleSection":["F\u00eates"],"inLanguage":"fr-FR","potentialAction":[{"@type":"CommentAction","name":"Comment","target":["https:\/\/tadaaz.fr\/blog\/fr\/fetes\/personnalisez-depart-retraite\/#respond"]}]},{"@type":"WebPage","@id":"https:\/\/tadaaz.fr\/blog\/fr\/fetes\/personnalisez-depart-retraite\/","url":"https:\/\/tadaaz.fr\/blog\/fr\/fetes\/personnalisez-depart-retraite\/","name":"Personnalisez votre d\u00e9part en retraite ! - Tadaaz Blog","isPartOf":{"@id":"https:\/\/tadaaz.nl\/blog\/nl\/#website"},"primaryImageOfPage":{"@id":"https:\/\/tadaaz.fr\/blog\/fr\/fetes\/personnalisez-depart-retraite\/#primaryimage"},"image":{"@id":"https:\/\/tadaaz.fr\/blog\/fr\/fetes\/personnalisez-depart-retraite\/#primaryimage"},"thumbnailUrl":"https:\/\/tadaaz.fr\/blog\/wp-content\/uploads\/2017\/08\/Untitled-design-44.jpg","datePublished":"2017-08-02T09:11:31+00:00","dateModified":"2025-07-29T13:39:42+00:00","description":"L\u2019heure de la retraite a sonn\u00e9 et vous d\u00e9sirez la f\u00eater avec vos proches. Une invitation retraite, en passant par un menu\u2026 d\u00e9couvrez nos d\u00e9co f\u00eate.","inLanguage":"fr-FR","potentialAction":[{"@type":"ReadAction","target":["https:\/\/tadaaz.fr\/blog\/fr\/fetes\/personnalisez-depart-retraite\/"]}]},{"@type":"ImageObject","inLanguage":"fr-FR","@id":"https:\/\/tadaaz.fr\/blog\/fr\/fetes\/personnalisez-depart-retraite\/#primaryimage","url":"https:\/\/tadaaz.fr\/blog\/wp-content\/uploads\/2017\/08\/Untitled-design-44.jpg","contentUrl":"https:\/\/tadaaz.fr\/blog\/wp-content\/uploads\/2017\/08\/Untitled-design-44.jpg","width":1024,"height":768},{"@type":"WebSite","@id":"https:\/\/tadaaz.nl\/blog\/nl\/#website","url":"https:\/\/tadaaz.nl\/blog\/nl\/","name":"Tadaaz Blog","description":"","publisher":{"@id":"https:\/\/tadaaz.nl\/blog\/nl\/#organization"},"potentialAction":[{"@type":"SearchAction","target":{"@type":"EntryPoint","urlTemplate":"https:\/\/tadaaz.nl\/blog\/nl\/?s={search_term_string}"},"query-input":{"@type":"PropertyValueSpecification","valueRequired":true,"valueName":"search_term_string"}}],"inLanguage":"fr-FR"},{"@type":"Organization","@id":"https:\/\/tadaaz.nl\/blog\/nl\/#organization","name":"Tadaaz Blog","url":"https:\/\/tadaaz.nl\/blog\/nl\/","logo":{"@type":"ImageObject","inLanguage":"fr-FR","@id":"https:\/\/tadaaz.nl\/blog\/nl\/#\/schema\/logo\/image\/","url":"https:\/\/tadaaz.fr\/blog\/wp-content\/uploads\/2023\/02\/TADAAZ_LOGO_RGB_BLOG.svg","contentUrl":"https:\/\/tadaaz.fr\/blog\/wp-content\/uploads\/2023\/02\/TADAAZ_LOGO_RGB_BLOG.svg","caption":"Tadaaz Blog"},"image":{"@id":"https:\/\/tadaaz.nl\/blog\/nl\/#\/schema\/logo\/image\/"}},{"@type":"Person","@id":"https:\/\/tadaaz.nl\/blog\/nl\/#\/schema\/person\/9f1684f0720d298d8653901948ae9fea","name":"Virginie","image":{"@type":"ImageObject","inLanguage":"fr-FR","@id":"https:\/\/tadaaz.nl\/blog\/nl\/#\/schema\/person\/image\/","url":"https:\/\/secure.gravatar.com\/avatar\/bb2309b59af8b364b511ce8fdfcb02e87907d29574e5529abdd20308186c807b?s=96&d=mm&r=g","contentUrl":"https:\/\/secure.gravatar.com\/avatar\/bb2309b59af8b364b511ce8fdfcb02e87907d29574e5529abdd20308186c807b?s=96&d=mm&r=g","caption":"Virginie"},"description":"Je suis une heureuse maman de 2 enfants. Mari\u00e9e depuis 12 ans, je croque la vie \u00e0 pleine dents ! Je suis fi\u00e8re de travailler au sein de Tadaaz afin de vous aider et vous conseiller, si besoin, dans la personnalisation de votre projet et vous donner un tas d\u2019id\u00e9es et d\u2019astuces via notre blog. Je suis, de mon c\u00f4t\u00e9, tr\u00e8s friande des blogs concernant l\u2019organisation des garden-party, anniversaires\u2026","url":"https:\/\/tadaaz.fr\/blog\/fr\/author\/virginie\/"}]}},"_links":{"self":[{"href":"https:\/\/tadaaz.fr\/blog\/fr\/wp-json\/wp\/v2\/posts\/23047","targetHints":{"allow":["GET"]}}],"collection":[{"href":"https:\/\/tadaaz.fr\/blog\/fr\/wp-json\/wp\/v2\/posts"}],"about":[{"href":"https:\/\/tadaaz.fr\/blog\/fr\/wp-json\/wp\/v2\/types\/post"}],"author":[{"embeddable":true,"href":"https:\/\/tadaaz.fr\/blog\/fr\/wp-json\/wp\/v2\/users\/14"}],"replies":[{"embeddable":true,"href":"https:\/\/tadaaz.fr\/blog\/fr\/wp-json\/wp\/v2\/comments?post=23047"}],"version-history":[{"count":2,"href":"https:\/\/tadaaz.fr\/blog\/fr\/wp-json\/wp\/v2\/posts\/23047\/revisions"}],"predecessor-version":[{"id":105232,"href":"https:\/\/tadaaz.fr\/blog\/fr\/wp-json\/wp\/v2\/posts\/23047\/revisions\/105232"}],"wp:featuredmedia":[{"embeddable":true,"href":"https:\/\/tadaaz.fr\/blog\/fr\/wp-json\/wp\/v2\/media\/23073"}],"wp:attachment":[{"href":"https:\/\/tadaaz.fr\/blog\/fr\/wp-json\/wp\/v2\/media?parent=23047"}],"wp:term":[{"taxonomy":"category","embeddable":true,"href":"https:\/\/tadaaz.fr\/blog\/fr\/wp-json\/wp\/v2\/categories?post=23047"},{"taxonomy":"post_tag","embeddable":true,"href":"https:\/\/tadaaz.fr\/blog\/fr\/wp-json\/wp\/v2\/tags?post=23047"}],"curies":[{"name":"wp","href":"https:\/\/api.w.org\/{rel}","templated":true}]}}