{"id":35643,"date":"2018-09-14T08:44:23","date_gmt":"2018-09-14T06:44:23","guid":{"rendered":"https:\/\/tadaaz.fr\/blog\/?p=35643"},"modified":"2025-05-16T14:53:38","modified_gmt":"2025-05-16T12:53:38","slug":"organisez-une-fete-memorable-pour-votre-depart-en-retraite","status":"publish","type":"post","link":"https:\/\/tadaaz.fr\/blog\/fr\/fetes\/organisez-une-fete-memorable-pour-votre-depart-en-retraite\/","title":{"rendered":"Organisez une f\u00eate m\u00e9morable pour votre d\u00e9part en retraite"},"content":{"rendered":"\n<h2 class=\"wp-block-heading\">D\u00e9couvrez tous nos secrets pour votre d\u00e9part en retraite<\/h2>\n\n\n\n<p>Les ann\u00e9es ont pass\u00e9 et vous voil\u00e0 \u00e0 l\u2019aube de vos 65 ans. Vous avez pass\u00e9 le plus clair de votre temps sur votre lieu de travail et le <strong>d\u00e9part en retraite<\/strong> approche \u00e0 grand pas. Que ce soit vos coll\u00e8gues, associ\u00e9s ou client\u00e8le, cette pr\u00e9sence quotidienne va (ou non) vous manquer. Quoi qu\u2019il en soit, un pot de d\u00e9part s\u2019impose. Une nouvelle vie s\u2019offre \u00e0 vous et vous voulez la f\u00eater comme il se doit.<\/p>\n\n\n\n<figure class=\"wp-block-image size-full\"><a href=\"https:\/\/tadaaz.fr\/blog\/wp-content\/uploads\/2018\/09\/20.png\"><img loading=\"lazy\" decoding=\"async\" width=\"1024\" height=\"768\" src=\"https:\/\/tadaaz.fr\/blog\/wp-content\/uploads\/2018\/09\/20.png\" alt=\"d\u00e9part-en-retraite\" class=\"wp-image-103969\" srcset=\"https:\/\/tadaaz.fr\/blog\/wp-content\/uploads\/2018\/09\/20.png 1024w, https:\/\/tadaaz.fr\/blog\/wp-content\/uploads\/2018\/09\/20-300x225.png 300w, https:\/\/tadaaz.fr\/blog\/wp-content\/uploads\/2018\/09\/20-768x576.png 768w, https:\/\/tadaaz.fr\/blog\/wp-content\/uploads\/2018\/09\/20-100x75.png 100w\" sizes=\"auto, (max-width: 1024px) 100vw, 1024px\" \/><\/a><\/figure>\n\n\n\n<h3 class=\"wp-block-heading\">Place \u00e0 l\u2019invitation d\u00e9part en retraite<\/h3>\n\n\n\n<p>Que vous le fassiez chez vous, dans une salle des f\u00eates ou dans la salle de r\u00e9union de votre travail, vous voulez que ce soit une f\u00eate m\u00e9morable. Alors, une <a href=\"\/fr\/fete\/invitation-fete\">invitation d\u00e9part en retraite<\/a> est la premi\u00e8re \u00e9tape essentielle \u00e0 votre f\u00eate. Sobre, humoristique ou chic, tout d\u00e9pendra de votre audience ou du ton que vous voudrez donner \u00e0 votre f\u00eate. Cette carte devra bien entendu comporter la date, le lieu et l\u2019heure. Vous pouvez aborder votre texte en parlant de votre passion, de vos projets futurs ou de votre satisfaction d\u2019avoir collabor\u00e9 avec eux.<\/p>\n\n\n\n<figure class=\"wp-block-image aligncenter\"><a href=\"\/fr\/fete\/invitation-fete\"><img loading=\"lazy\" decoding=\"async\" width=\"1200\" height=\"300\" src=\"https:\/\/tadaaz.fr\/blog\/wp-content\/uploads\/2018\/09\/invitation-d\u00e9part-en-retraite.jpg\" alt=\"\" class=\"wp-image-35652\" srcset=\"https:\/\/tadaaz.fr\/blog\/wp-content\/uploads\/2018\/09\/invitation-d\u00e9part-en-retraite.jpg 1200w, https:\/\/tadaaz.fr\/blog\/wp-content\/uploads\/2018\/09\/invitation-d\u00e9part-en-retraite-300x75.jpg 300w, https:\/\/tadaaz.fr\/blog\/wp-content\/uploads\/2018\/09\/invitation-d\u00e9part-en-retraite-768x192.jpg 768w, https:\/\/tadaaz.fr\/blog\/wp-content\/uploads\/2018\/09\/invitation-d\u00e9part-en-retraite-1024x256.jpg 1024w, https:\/\/tadaaz.fr\/blog\/wp-content\/uploads\/2018\/09\/invitation-d\u00e9part-en-retraite-100x25.jpg 100w\" sizes=\"auto, (max-width: 1200px) 100vw, 1200px\" \/><\/a><\/figure>\n\n\n\n<p><\/p>\n\n\n\n<p class=\"has-text-align-center\">\n  <!-- wp:buttons -->\n  <div class=\"wp-block-buttons\">\n    <!-- wp:button {\"backgroundColor\":\"palette-color-1\",\"className\":\"is-style-fill\"} -->\n    <div class=\"wp-block-button is-style-fill\"><a class=\"wp-block-button__link has-background\" href=\"https:\/\/tadaaz.fr\/fr\/fete\/invitation-fete\">Je r\u00e9alise mon invitation &gt;<\/a><\/div>\n    <!-- \/wp:button -->\n  <\/div>\n  <!-- \/wp:buttons --><\/p>\n\n\n\n<p>En manque d\u2019inspiration pour un petit texte sympa pour inviter vos proches, vos amis, vos coll\u00e8gues, en voici quelques-uns qui pourraient vous plaire&nbsp;:<\/p>\n\n\n\n<p>&#8211; Apr\u00e8s de nombreuses ann\u00e9es de travail<br>Voici venu le temps du repos m\u00e9rit\u00e9<br>Un bon cocktail et les orteils en \u00e9ventail<br>Pourquoi s\u2019en faire, si on peut se pr\u00e9lasser ?<\/p>\n\n\n\n<p>Je vous attends le \u2026<\/p>\n\n\n\n<p>&#8211; Le \u2026 , [pr\u00e9nom] l\u00e2chera enfin la bo\u00eete \u00e0 outils, d\u00e9branchera la ligne t\u00e9l\u00e9phonique des d\u00e9pannages et \u00e9teindra l\u2019ordinateur de gestion. Vous n\u2019y croyez pas ?&nbsp;Alors venez le constatez par vous-m\u00eame le&nbsp;\u2026 \u00e0 partir de \u2026<\/p>\n\n\n\n<p>&#8211; Me voil\u00e0 enfin promu au poste que je convoitais depuis d\u00e9j\u00e0 quelques ann\u00e9es : celui d&rsquo;heureux retrait\u00e9 ! Pour arroser cette mont\u00e9e en grade, je vous attends le \u2026<\/p>\n\n\n\n<h3 class=\"wp-block-heading\">Le choix du lieu pour votre pot de d\u00e9part en retraite<\/h3>\n\n\n\n<p>Une pi\u00e8ce maitresse de votre pot de d\u00e9part en retraite&nbsp;:&nbsp; le lieu. A choisir en fonction des invit\u00e9s. Si vous fa\u00eetes un pot entour\u00e9 uniquement de vos coll\u00e8gues, la salle de r\u00e9union ou le caf\u00e9 du coin o\u00f9 vous vous r\u00e9unissez le vendredi pour f\u00eater le week-end peut tr\u00e8s bien faire l\u2019affaire.<\/p>\n\n\n\n<p>Mais\u2026 si vous voulez que votre soir\u00e9e soit m\u00e9morable, famille, amis et coll\u00e8gues devront tous \u00eatre de la partie. A moins que vous ayez une grande maison ou un grand jardin, la location de salle devient une alternative obligatoire. Et pour donner un peu de chaleur, de gaiet\u00e9 et de couleur \u00e0 votre salle, misez sur la <a href=\"\/fr\/fete\/decoration-fete\">d\u00e9coration de table<\/a> \u00e0 votre effigie.<\/p>\n\n\n\n<h3 class=\"wp-block-heading\">Une animation de retraite inoubliable<\/h3>\n\n\n\n<p>L\u2019animation d\u2019une soir\u00e9e est la chose dont vos invit\u00e9s parleront encore longtemps, il ne faut donc surtout pas l\u2019oublier ni la sous-estimer. Vous \u00eates fan de musique et vous poussez la chansonnette d\u00e8s que possible. Super, un \u00ab&nbsp;N\u2019oubliez pas les paroles&nbsp;\u00bb en live serait id\u00e9al. Petits et grands appr\u00e9cieront montrer leur talent cach\u00e9. Sinon faites appel \u00e0 un DJ local qui saura enflammer les planches. Vous pouvez \u00e9galement choisir une <a href=\"\/blog\/fr\/fetes\/organiser-une-soiree-retro-sans-oublier-les-zakouskis\/\">soir\u00e9e \u00e0 th\u00e8me<\/a>. Le style \u00ab\u00a0r\u00e9tro\u00a0\u00bb irait tr\u00e8s bien avec votre soir\u00e9e retraite et l&rsquo;ambiance sera imm\u00e9diatement de la partie.<\/p>\n\n\n\n<h3 class=\"wp-block-heading\">Un discours, un discours, un discours\u2026<\/h3>\n\n\n\n<p>Il est coutume que l\u2019acteur principal \u00ab&nbsp;vous&nbsp;\u00bb fassiez un discours en fin de soir\u00e9e. Cette occasion est parfaite pour revenir avec humour sur quelques anecdotes pass\u00e9es sur votre lieu de travail, pour faire part de vos futurs projets et surtout pour remercier toutes les personnes qui auront partag\u00e9es cette soir\u00e9e m\u00e9morable de d\u00e9part en pension en votre compagnie.<\/p>\n\n\n\n<p>A pr\u00e9sent, vous voil\u00e0 pr\u00eat pour organiser votre soir\u00e9e de d\u00e9part en retraite qui restera dans les annales. A vous de jouer&nbsp;!<\/p>\n\n\n\n<p><\/p>\n","protected":false},"excerpt":{"rendered":"<p>D\u00e9couvrez tous nos secrets pour votre d\u00e9part en retraite Les ann\u00e9es ont pass\u00e9 et vous voil\u00e0 \u00e0 l\u2019aube de vos 65 ans. Vous avez pass\u00e9 le plus clair de votre temps sur votre lieu de travail et le d\u00e9part en retraite approche \u00e0 grand pas. Que ce soit vos coll\u00e8gues, associ\u00e9s ou client\u00e8le, cette pr\u00e9sence [&hellip;]<\/p>\n","protected":false},"author":14,"featured_media":103969,"comment_status":"open","ping_status":"open","sticky":false,"template":"","format":"standard","meta":{"product_relevance":0,"footnotes":""},"categories":[69],"tags":[6539,6536,6535,5302,6537,6540,6538],"class_list":["post-35643","post","type-post","status-publish","format-standard","has-post-thumbnail","hentry","category-fetes","tag-60-ans","tag-65-ans","tag-depart-en-retraite","tag-invitation-retraite","tag-pension","tag-pot-de-depart-en-retraite","tag-retraite"],"blocksy_meta":{"styles_descriptor":{"styles":{"desktop":"","tablet":"","mobile":""},"google_fonts":[],"version":6}},"yoast_head":"<!-- This site is optimized with the Yoast SEO plugin v26.7 - https:\/\/yoast.com\/wordpress\/plugins\/seo\/ -->\n<title>Organisez une f\u00eate m\u00e9morable pour votre d\u00e9part en retraite<\/title>\n<meta name=\"description\" content=\"Nouvelle vie, nouveaux projets, le d\u00e9part en retraite est un renouveau. A vous de le f\u00eater comme il se doit pour marquer le coup.\" \/>\n<meta name=\"robots\" content=\"index, follow, max-snippet:-1, max-image-preview:large, max-video-preview:-1\" \/>\n<link rel=\"canonical\" href=\"https:\/\/tadaaz.fr\/blog\/fr\/wp-json\/wp\/v2\/posts\/35643\" \/>\n<meta property=\"og:locale\" content=\"fr_FR\" \/>\n<meta property=\"og:type\" content=\"article\" \/>\n<meta property=\"og:title\" content=\"Organisez une f\u00eate m\u00e9morable pour votre d\u00e9part en retraite\" \/>\n<meta property=\"og:description\" content=\"Nouvelle vie, nouveaux projets, le d\u00e9part en retraite est un renouveau. A vous de le f\u00eater comme il se doit pour marquer le coup.\" \/>\n<meta property=\"og:url\" content=\"https:\/\/tadaaz.fr\/blog\/fr\/fetes\/organisez-une-fete-memorable-pour-votre-depart-en-retraite\/\" \/>\n<meta property=\"og:site_name\" content=\"Tadaaz Blog\" \/>\n<meta property=\"article:published_time\" content=\"2018-09-14T06:44:23+00:00\" \/>\n<meta property=\"article:modified_time\" content=\"2025-05-16T12:53:38+00:00\" \/>\n<meta property=\"og:image\" content=\"https:\/\/tadaaz.fr\/blog\/wp-content\/uploads\/2018\/09\/20.png\" \/>\n\t<meta property=\"og:image:width\" content=\"1024\" \/>\n\t<meta property=\"og:image:height\" content=\"768\" \/>\n\t<meta property=\"og:image:type\" content=\"image\/png\" \/>\n<meta name=\"author\" content=\"Virginie\" \/>\n<meta name=\"twitter:card\" content=\"summary_large_image\" \/>\n<meta name=\"twitter:label1\" content=\"\u00c9crit par\" \/>\n\t<meta name=\"twitter:data1\" content=\"Virginie\" \/>\n\t<meta name=\"twitter:label2\" content=\"Dur\u00e9e de lecture estim\u00e9e\" \/>\n\t<meta name=\"twitter:data2\" content=\"4 minutes\" \/>\n<!-- \/ Yoast SEO plugin. -->","yoast_head_json":{"title":"Organisez une f\u00eate m\u00e9morable pour votre d\u00e9part en retraite","description":"Nouvelle vie, nouveaux projets, le d\u00e9part en retraite est un renouveau. A vous de le f\u00eater comme il se doit pour marquer le coup.","robots":{"index":"index","follow":"follow","max-snippet":"max-snippet:-1","max-image-preview":"max-image-preview:large","max-video-preview":"max-video-preview:-1"},"canonical":"https:\/\/tadaaz.fr\/blog\/fr\/wp-json\/wp\/v2\/posts\/35643","og_locale":"fr_FR","og_type":"article","og_title":"Organisez une f\u00eate m\u00e9morable pour votre d\u00e9part en retraite","og_description":"Nouvelle vie, nouveaux projets, le d\u00e9part en retraite est un renouveau. A vous de le f\u00eater comme il se doit pour marquer le coup.","og_url":"https:\/\/tadaaz.fr\/blog\/fr\/fetes\/organisez-une-fete-memorable-pour-votre-depart-en-retraite\/","og_site_name":"Tadaaz Blog","article_published_time":"2018-09-14T06:44:23+00:00","article_modified_time":"2025-05-16T12:53:38+00:00","og_image":[{"width":1024,"height":768,"url":"https:\/\/tadaaz.fr\/blog\/wp-content\/uploads\/2018\/09\/20.png","type":"image\/png"}],"author":"Virginie","twitter_card":"summary_large_image","twitter_misc":{"\u00c9crit par":"Virginie","Dur\u00e9e de lecture estim\u00e9e":"4 minutes"},"schema":{"@context":"https:\/\/schema.org","@graph":[{"@type":"Article","@id":"https:\/\/tadaaz.fr\/blog\/fr\/fetes\/organisez-une-fete-memorable-pour-votre-depart-en-retraite\/#article","isPartOf":{"@id":"https:\/\/tadaaz.fr\/blog\/fr\/fetes\/organisez-une-fete-memorable-pour-votre-depart-en-retraite\/"},"author":{"name":"Virginie","@id":"https:\/\/tadaaz.nl\/blog\/nl\/#\/schema\/person\/9f1684f0720d298d8653901948ae9fea"},"headline":"Organisez une f\u00eate m\u00e9morable pour votre d\u00e9part en retraite","datePublished":"2018-09-14T06:44:23+00:00","dateModified":"2025-05-16T12:53:38+00:00","mainEntityOfPage":{"@id":"https:\/\/tadaaz.fr\/blog\/fr\/fetes\/organisez-une-fete-memorable-pour-votre-depart-en-retraite\/"},"wordCount":723,"commentCount":2,"publisher":{"@id":"https:\/\/tadaaz.nl\/blog\/nl\/#organization"},"image":{"@id":"https:\/\/tadaaz.fr\/blog\/fr\/fetes\/organisez-une-fete-memorable-pour-votre-depart-en-retraite\/#primaryimage"},"thumbnailUrl":"https:\/\/tadaaz.fr\/blog\/wp-content\/uploads\/2018\/09\/20.png","keywords":["60 ans","65 ans","d\u00e9part en retraite","invitation retraite","pension","pot de d\u00e9part en retraite","retraite"],"articleSection":["F\u00eates"],"inLanguage":"fr-FR","potentialAction":[{"@type":"CommentAction","name":"Comment","target":["https:\/\/tadaaz.fr\/blog\/fr\/fetes\/organisez-une-fete-memorable-pour-votre-depart-en-retraite\/#respond"]}]},{"@type":"WebPage","@id":"https:\/\/tadaaz.fr\/blog\/fr\/fetes\/organisez-une-fete-memorable-pour-votre-depart-en-retraite\/","url":"https:\/\/tadaaz.fr\/blog\/fr\/fetes\/organisez-une-fete-memorable-pour-votre-depart-en-retraite\/","name":"Organisez une f\u00eate m\u00e9morable pour votre d\u00e9part en retraite","isPartOf":{"@id":"https:\/\/tadaaz.nl\/blog\/nl\/#website"},"primaryImageOfPage":{"@id":"https:\/\/tadaaz.fr\/blog\/fr\/fetes\/organisez-une-fete-memorable-pour-votre-depart-en-retraite\/#primaryimage"},"image":{"@id":"https:\/\/tadaaz.fr\/blog\/fr\/fetes\/organisez-une-fete-memorable-pour-votre-depart-en-retraite\/#primaryimage"},"thumbnailUrl":"https:\/\/tadaaz.fr\/blog\/wp-content\/uploads\/2018\/09\/20.png","datePublished":"2018-09-14T06:44:23+00:00","dateModified":"2025-05-16T12:53:38+00:00","description":"Nouvelle vie, nouveaux projets, le d\u00e9part en retraite est un renouveau. A vous de le f\u00eater comme il se doit pour marquer le coup.","inLanguage":"fr-FR","potentialAction":[{"@type":"ReadAction","target":["https:\/\/tadaaz.fr\/blog\/fr\/fetes\/organisez-une-fete-memorable-pour-votre-depart-en-retraite\/"]}]},{"@type":"ImageObject","inLanguage":"fr-FR","@id":"https:\/\/tadaaz.fr\/blog\/fr\/fetes\/organisez-une-fete-memorable-pour-votre-depart-en-retraite\/#primaryimage","url":"https:\/\/tadaaz.fr\/blog\/wp-content\/uploads\/2018\/09\/20.png","contentUrl":"https:\/\/tadaaz.fr\/blog\/wp-content\/uploads\/2018\/09\/20.png","width":1024,"height":768,"caption":"d\u00e9part-en-retraite"},{"@type":"WebSite","@id":"https:\/\/tadaaz.nl\/blog\/nl\/#website","url":"https:\/\/tadaaz.nl\/blog\/nl\/","name":"Tadaaz Blog","description":"","publisher":{"@id":"https:\/\/tadaaz.nl\/blog\/nl\/#organization"},"potentialAction":[{"@type":"SearchAction","target":{"@type":"EntryPoint","urlTemplate":"https:\/\/tadaaz.nl\/blog\/nl\/?s={search_term_string}"},"query-input":{"@type":"PropertyValueSpecification","valueRequired":true,"valueName":"search_term_string"}}],"inLanguage":"fr-FR"},{"@type":"Organization","@id":"https:\/\/tadaaz.nl\/blog\/nl\/#organization","name":"Tadaaz Blog","url":"https:\/\/tadaaz.nl\/blog\/nl\/","logo":{"@type":"ImageObject","inLanguage":"fr-FR","@id":"https:\/\/tadaaz.nl\/blog\/nl\/#\/schema\/logo\/image\/","url":"https:\/\/tadaaz.fr\/blog\/wp-content\/uploads\/2023\/02\/TADAAZ_LOGO_RGB_BLOG.svg","contentUrl":"https:\/\/tadaaz.fr\/blog\/wp-content\/uploads\/2023\/02\/TADAAZ_LOGO_RGB_BLOG.svg","caption":"Tadaaz Blog"},"image":{"@id":"https:\/\/tadaaz.nl\/blog\/nl\/#\/schema\/logo\/image\/"}},{"@type":"Person","@id":"https:\/\/tadaaz.nl\/blog\/nl\/#\/schema\/person\/9f1684f0720d298d8653901948ae9fea","name":"Virginie","image":{"@type":"ImageObject","inLanguage":"fr-FR","@id":"https:\/\/tadaaz.nl\/blog\/nl\/#\/schema\/person\/image\/","url":"https:\/\/secure.gravatar.com\/avatar\/bb2309b59af8b364b511ce8fdfcb02e87907d29574e5529abdd20308186c807b?s=96&d=mm&r=g","contentUrl":"https:\/\/secure.gravatar.com\/avatar\/bb2309b59af8b364b511ce8fdfcb02e87907d29574e5529abdd20308186c807b?s=96&d=mm&r=g","caption":"Virginie"},"description":"Je suis une heureuse maman de 2 enfants. Mari\u00e9e depuis 12 ans, je croque la vie \u00e0 pleine dents ! Je suis fi\u00e8re de travailler au sein de Tadaaz afin de vous aider et vous conseiller, si besoin, dans la personnalisation de votre projet et vous donner un tas d\u2019id\u00e9es et d\u2019astuces via notre blog. Je suis, de mon c\u00f4t\u00e9, tr\u00e8s friande des blogs concernant l\u2019organisation des garden-party, anniversaires\u2026","url":"https:\/\/tadaaz.fr\/blog\/fr\/author\/virginie\/"}]}},"_links":{"self":[{"href":"https:\/\/tadaaz.fr\/blog\/fr\/wp-json\/wp\/v2\/posts\/35643","targetHints":{"allow":["GET"]}}],"collection":[{"href":"https:\/\/tadaaz.fr\/blog\/fr\/wp-json\/wp\/v2\/posts"}],"about":[{"href":"https:\/\/tadaaz.fr\/blog\/fr\/wp-json\/wp\/v2\/types\/post"}],"author":[{"embeddable":true,"href":"https:\/\/tadaaz.fr\/blog\/fr\/wp-json\/wp\/v2\/users\/14"}],"replies":[{"embeddable":true,"href":"https:\/\/tadaaz.fr\/blog\/fr\/wp-json\/wp\/v2\/comments?post=35643"}],"version-history":[{"count":1,"href":"https:\/\/tadaaz.fr\/blog\/fr\/wp-json\/wp\/v2\/posts\/35643\/revisions"}],"predecessor-version":[{"id":103975,"href":"https:\/\/tadaaz.fr\/blog\/fr\/wp-json\/wp\/v2\/posts\/35643\/revisions\/103975"}],"wp:featuredmedia":[{"embeddable":true,"href":"https:\/\/tadaaz.fr\/blog\/fr\/wp-json\/wp\/v2\/media\/103969"}],"wp:attachment":[{"href":"https:\/\/tadaaz.fr\/blog\/fr\/wp-json\/wp\/v2\/media?parent=35643"}],"wp:term":[{"taxonomy":"category","embeddable":true,"href":"https:\/\/tadaaz.fr\/blog\/fr\/wp-json\/wp\/v2\/categories?post=35643"},{"taxonomy":"post_tag","embeddable":true,"href":"https:\/\/tadaaz.fr\/blog\/fr\/wp-json\/wp\/v2\/tags?post=35643"}],"curies":[{"name":"wp","href":"https:\/\/api.w.org\/{rel}","templated":true}]}}